{"id":1004,"date":"2023-10-05T15:31:12","date_gmt":"2023-10-05T14:31:12","guid":{"rendered":"https:\/\/jrsbelgium.org\/\/?p=1004"},"modified":"2024-09-25T15:36:15","modified_gmt":"2024-09-25T14:36:15","slug":"centres-de-detention-pour-migrants-rapport-2022","status":"publish","type":"post","link":"https:\/\/jrsbelgium.org\/fr\/centres-de-detention-pour-migrants-rapport-2022\/","title":{"rendered":"Centres de d\u00e9tention pour migrants : Rapport 2022"},"content":{"rendered":"<p>Aujourd\u2019hui le JRS publie son second rapport annuel de\u00a0monitoring\u00a0des centres de d\u00e9tention administrative. Ce rapport revient sur l\u2019ann\u00e9e \u00e9coul\u00e9e dans les centres. Il est divis\u00e9 en deux grandes parties\u00a0: la premi\u00e8re porte sur une analyse g\u00e9n\u00e9rale de la d\u00e9tention administrative en 2022. La seconde aborde les chiffres et faits qui ont marqu\u00e9 les diff\u00e9rents lieux de privation de libert\u00e9 que le JRS visite.<\/p>\n<p>Le rapport pointe une nouvelle fois que l\u2019efficacit\u00e9 de la politique de d\u00e9tention est questionnable. Les \u00e9loignements depuis les centres se situent entre 62 et 70%. Cela signifie que 30 \u00e0 38% des personnes enferm\u00e9es ne sont donc pas \u00e9loign\u00e9es alors qu\u2019elles sont d\u00e9tenues uniquement dans ce but. Les chiffres de retour sont de plus gonfl\u00e9s par les \u00ab\u00a0refoulements\u00a0\u00bb et la plupart de rapatriements se font vers des pays dont les nationaux n\u2019ont pas besoin de visa pour voyager vers la Belgique (Albanie, Roumanie, Moldavie,\u2026). En mettant en exergue l\u2019inefficacit\u00e9 de cette politique, le JRS soutient que des alternatives \u00e0 la d\u00e9tention doivent \u00eatre mises en avant.<\/p>\n<p>Le rapport montre aussi que la d\u00e9tention de certaines cat\u00e9gories de personnes a pos\u00e9 probl\u00e8me en 2022. La COVID \u00e9tant derri\u00e8re nous, la capacit\u00e9 des centres r\u00e9augmente et des personnes vuln\u00e9rables (femmes enceintes, personnes \u00e0 mobilit\u00e9 r\u00e9duite ou avec de graves probl\u00e8mes psychologiques, personnes LGBT+) sont \u00e0 nouveau d\u00e9tenues. La d\u00e9tention syst\u00e9matique d\u2019Ukrainiens \u00e0 la fronti\u00e8re ou de Marocains qui ne sont quasiment pas rapatri\u00e9s pose \u00e9galement question.<\/p>\n<p>Pour en savoir plus, consultez le rapport ci-dessous : <a href=\"https:\/\/jrsbelgium.org\/fr\/2023-rapport-monitoring_fr\/\" rel=\"attachment wp-att-1007\">Rapport monitoring 2022<\/a><\/p>\n<p>Le rapport est \u00e9galement disponible en Anglais : <a href=\"https:\/\/jrsbelgium.org\/fr\/2023-rapport-monitoring_eng\/\" rel=\"attachment wp-att-1009\">Monitoring report 2022<\/a><\/p>\n","protected":false},"excerpt":{"rendered":"<p>Aujourd\u2019hui le JRS publie son second rapport annuel de\u00a0monitoring\u00a0des centres de d\u00e9tention administrative. Ce rapport revient sur l\u2019ann\u00e9e \u00e9coul\u00e9e dans les centres. Il est divis\u00e9 en deux grandes parties\u00a0: la premi\u00e8re porte sur une analyse g\u00e9n\u00e9rale de la d\u00e9tention administrative en 2022. La seconde aborde les chiffres et faits qui ont marqu\u00e9 les diff\u00e9rents lieux [&hellip;]<\/p>\n","protected":false},"author":4,"featured_media":1011,"comment_status":"closed","ping_status":"closed","sticky":false,"template":"","format":"standard","meta":{"footnotes":""},"categories":[1],"tags":[],"class_list":["post-1004","post","type-post","status-publish","format-standard","has-post-thumbnail","hentry","category-non-classifiee"],"acf":[],"_links":{"self":[{"href":"https:\/\/jrsbelgium.org\/fr\/wp-json\/wp\/v2\/posts\/1004","targetHints":{"allow":["GET"]}}],"collection":[{"href":"https:\/\/jrsbelgium.org\/fr\/wp-json\/wp\/v2\/posts"}],"about":[{"href":"https:\/\/jrsbelgium.org\/fr\/wp-json\/wp\/v2\/types\/post"}],"author":[{"embeddable":true,"href":"https:\/\/jrsbelgium.org\/fr\/wp-json\/wp\/v2\/users\/4"}],"replies":[{"embeddable":true,"href":"https:\/\/jrsbelgium.org\/fr\/wp-json\/wp\/v2\/comments?post=1004"}],"version-history":[{"count":0,"href":"https:\/\/jrsbelgium.org\/fr\/wp-json\/wp\/v2\/posts\/1004\/revisions"}],"wp:featuredmedia":[{"embeddable":true,"href":"https:\/\/jrsbelgium.org\/fr\/wp-json\/wp\/v2\/media\/1011"}],"wp:attachment":[{"href":"https:\/\/jrsbelgium.org\/fr\/wp-json\/wp\/v2\/media?parent=1004"}],"wp:term":[{"taxonomy":"category","embeddable":true,"href":"https:\/\/jrsbelgium.org\/fr\/wp-json\/wp\/v2\/categories?post=1004"},{"taxonomy":"post_tag","embeddable":true,"href":"https:\/\/jrsbelgium.org\/fr\/wp-json\/wp\/v2\/tags?post=1004"}],"curies":[{"name":"wp","href":"https:\/\/api.w.org\/{rel}","templated":true}]}}