{"id":1031,"date":"2023-03-25T15:50:34","date_gmt":"2023-03-25T15:50:34","guid":{"rendered":"https:\/\/jrsbelgium.org\/\/?p=1031"},"modified":"2024-09-25T15:52:31","modified_gmt":"2024-09-25T14:52:31","slug":"le-jrs-lance-focus-une-serie-donnant-la-parole-aux-personnes-en-detention","status":"publish","type":"post","link":"https:\/\/jrsbelgium.org\/fr\/le-jrs-lance-focus-une-serie-donnant-la-parole-aux-personnes-en-detention\/","title":{"rendered":"Le JRS lance \u00ab\u00a0Focus\u00a0\u00bb, une s\u00e9rie donnant la parole aux personnes en d\u00e9tention"},"content":{"rendered":"<p><em>Les fiches Focus seront publi\u00e9es de mani\u00e8re trimestrielle. Par le biais des t\u00e9moignages de personnes rencontr\u00e9es en d\u00e9tention, elles visent \u00e0 mettre en lumi\u00e8re diff\u00e9rentes probl\u00e9matiques li\u00e9es \u00e0 l\u2019enfermement que nous contextualisons et pour lesquelles nous proposons des solutions. Faire ressortir la voix de ces personnes, c\u2019est lutter contre leur invisibilisation et une tentative de faire exister leur situation. C\u2019est un moyen de d\u00e9noncer le syst\u00e8me de la d\u00e9tention administrative et de plaider pour la mise en \u0153uvre d\u2019alternatives.<\/em><\/p>\n<p>Les premi\u00e8res fiches Focus donnent la parole \u00e0 des personnes vuln\u00e9rables rencontr\u00e9es dans le cadre de la publication de notre rapport Vuln\u00e9rabilit\u00e9 en D\u00e9tention en mars dernier.<\/p>\n<p>Lorsque la crise de la COVID a \u00e9clat\u00e9, les autorit\u00e9s ont d\u00e9cid\u00e9 de r\u00e9duire la capacit\u00e9 des centres de d\u00e9tention pour permettre une meilleure distanciation sociale. Cons\u00e9quence paradoxalement positive de la pand\u00e9mie, les personnes consid\u00e9r\u00e9es comme vuln\u00e9rables ont alors \u00e9t\u00e9 lib\u00e9r\u00e9es de fa\u00e7on prioritaire. Maintenant que la situation sanitaire semble se stabiliser, nos visiteurs rencontrent \u00e0 nouveau de plus en plus de personnes vuln\u00e9rables en d\u00e9tention. L\u2019impact n\u00e9gatif de l\u2019enfermement sur l\u2019int\u00e9grit\u00e9 physique et mentale a pourtant \u00e9t\u00e9 d\u00e9montr\u00e9 et nos visiteurs en sont les premiers t\u00e9moins.<\/p>\n<p>D\u00e9couvrez dans cette premi\u00e8re fiche le t\u00e9moignage d\u2019Anthony, un homme homosexuel qui a \u00e9t\u00e9 d\u00e9tenu au centre de Caricole pendant de longues semaines avant d\u2019\u00eatre finalement reconnu comme r\u00e9fugi\u00e9.<\/p>\n<p><a href=\"https:\/\/jrsbelgium.org\/fr\/le-jrs-lance-focus-une-serie-donnant-la-parole-aux-personnes-en-detention\/fiche-lgbt_page-0001\/\" rel=\"attachment wp-att-1032\"><img loading=\"lazy\" decoding=\"async\" class=\"aligncenter size-full wp-image-1032\" src=\"https:\/\/jrsbelgium.org\/\/wp-content\/uploads\/2024\/09\/Fiche-LGBT_page-0001.jpg\" alt=\"\" width=\"1241\" height=\"1755\" srcset=\"https:\/\/jrsbelgium.org\/wp-content\/uploads\/2024\/09\/Fiche-LGBT_page-0001.jpg 1241w, https:\/\/jrsbelgium.org\/wp-content\/uploads\/2024\/09\/Fiche-LGBT_page-0001-212x300.jpg 212w, https:\/\/jrsbelgium.org\/wp-content\/uploads\/2024\/09\/Fiche-LGBT_page-0001-724x1024.jpg 724w, https:\/\/jrsbelgium.org\/wp-content\/uploads\/2024\/09\/Fiche-LGBT_page-0001-768x1086.jpg 768w, https:\/\/jrsbelgium.org\/wp-content\/uploads\/2024\/09\/Fiche-LGBT_page-0001-1086x1536.jpg 1086w\" sizes=\"auto, (max-width: 1241px) 100vw, 1241px\" \/><\/a><\/p>\n","protected":false},"excerpt":{"rendered":"<p>Les fiches Focus seront publi\u00e9es de mani\u00e8re trimestrielle. Par le biais des t\u00e9moignages de personnes rencontr\u00e9es en d\u00e9tention, elles visent \u00e0 mettre en lumi\u00e8re diff\u00e9rentes probl\u00e9matiques li\u00e9es \u00e0 l\u2019enfermement que nous contextualisons et pour lesquelles nous proposons des solutions. Faire ressortir la voix de ces personnes, c\u2019est lutter contre leur invisibilisation et une tentative de [&hellip;]<\/p>\n","protected":false},"author":4,"featured_media":904,"comment_status":"closed","ping_status":"closed","sticky":false,"template":"","format":"standard","meta":{"footnotes":""},"categories":[1],"tags":[],"class_list":["post-1031","post","type-post","status-publish","format-standard","has-post-thumbnail","hentry","category-non-classifiee"],"acf":[],"_links":{"self":[{"href":"https:\/\/jrsbelgium.org\/fr\/wp-json\/wp\/v2\/posts\/1031","targetHints":{"allow":["GET"]}}],"collection":[{"href":"https:\/\/jrsbelgium.org\/fr\/wp-json\/wp\/v2\/posts"}],"about":[{"href":"https:\/\/jrsbelgium.org\/fr\/wp-json\/wp\/v2\/types\/post"}],"author":[{"embeddable":true,"href":"https:\/\/jrsbelgium.org\/fr\/wp-json\/wp\/v2\/users\/4"}],"replies":[{"embeddable":true,"href":"https:\/\/jrsbelgium.org\/fr\/wp-json\/wp\/v2\/comments?post=1031"}],"version-history":[{"count":0,"href":"https:\/\/jrsbelgium.org\/fr\/wp-json\/wp\/v2\/posts\/1031\/revisions"}],"wp:featuredmedia":[{"embeddable":true,"href":"https:\/\/jrsbelgium.org\/fr\/wp-json\/wp\/v2\/media\/904"}],"wp:attachment":[{"href":"https:\/\/jrsbelgium.org\/fr\/wp-json\/wp\/v2\/media?parent=1031"}],"wp:term":[{"taxonomy":"category","embeddable":true,"href":"https:\/\/jrsbelgium.org\/fr\/wp-json\/wp\/v2\/categories?post=1031"},{"taxonomy":"post_tag","embeddable":true,"href":"https:\/\/jrsbelgium.org\/fr\/wp-json\/wp\/v2\/tags?post=1031"}],"curies":[{"name":"wp","href":"https:\/\/api.w.org\/{rel}","templated":true}]}}