{"id":1042,"date":"2023-03-12T15:55:14","date_gmt":"2023-03-12T15:55:14","guid":{"rendered":"https:\/\/jrsbelgium.org\/\/?p=1042"},"modified":"2024-09-25T15:57:04","modified_gmt":"2024-09-25T14:57:04","slug":"nouveau-rapport-sur-la-vulnerabilite-en-detention","status":"publish","type":"post","link":"https:\/\/jrsbelgium.org\/fr\/nouveau-rapport-sur-la-vulnerabilite-en-detention\/","title":{"rendered":"Nouveau rapport sur la vuln\u00e9rabilit\u00e9 en d\u00e9tention"},"content":{"rendered":"<div>\n<p>La d\u00e9tention administrative a un impact n\u00e9gatif sur toutes les personnes migrantes. Mais qu\u2019en est-il des personnes vuln\u00e9rables comme les femmes enceintes, les personnes souffrant de maladie grave ou de troubles mentaux\u00a0? Elles aussi sont enferm\u00e9es aujourd\u2019hui, ce qui agrave leur \u00e9tat psychologique et physique.<\/p>\n<\/div>\n<div>\n<p>Ce rapport a pour objectif de r\u00e9pertorier les diff\u00e9rents m\u00e9canismes en place pour prendre en compte la vuln\u00e9rabilit\u00e9 des personnes migrantes dans le cadre de leur privation de libert\u00e9 administrative en Belgique. Il se justifie de par un double constat.<\/p>\n<p>D\u2019une part, l\u2019absence, \u00e0 notre connaissance, d\u2019un rapport exhaustif sur le sujet auquel se r\u00e9f\u00e9rer. Ceci peut s\u2019expliquer par le fait que la vuln\u00e9rabilit\u00e9 est prise en compte par un faisceau de proc\u00e9dures, certaines r\u00e9gul\u00e9es de mani\u00e8re l\u00e9gislative ou r\u00e9glementaire, d\u2019autres d\u00e9coulant de la simple pratique, de sorte qu\u2019obtenir une vue d\u2019ensemble n\u00e9cessite \u00e0 la fois un vrai travail cartographique et une bonne connaissance du terrain.<\/p>\n<p>D\u2019autre part, le fait que la vuln\u00e9rabilit\u00e9 ne fasse pas obstacle \u00e0 la d\u00e9tention. Lorsque la crise de la COVID a \u00e9clat\u00e9, les autorit\u00e9s ont d\u00e9cid\u00e9 de r\u00e9duire capacit\u00e9 des centres de d\u00e9tention administrative pour permettre une meilleure distanciation sociale. Les personnes consid\u00e9r\u00e9es comme vuln\u00e9rables ont alors \u00e9t\u00e9 lib\u00e9r\u00e9es de mani\u00e8re prioritaire. Maintenant que la situation sanitaire se stabilise, ces personnes sont \u00e0 nouveau enferm\u00e9es.<\/p>\n<p>Ce \u00ab\u00a0retour \u00e0 la normale\u00a0\u00bb fait ressurgir les questions de la d\u00e9finition et de la d\u00e9tection de la vuln\u00e9rabilit\u00e9, mais aussi celle des moyens en place pour l\u2019accommoder dans les centres de d\u00e9tention. Ce rapport tente d\u2019apporter des r\u00e9ponses \u00e0 ces questions et, le cas \u00e9ch\u00e9ant, de recommander d\u2019autres pistes. Une s\u00e9rie de t\u00e9moignages recueillis dans les centres vient humaniser et \u00e9tayer le propos.<\/p>\n<p>Vous pouvez lire le rapport complet ici : <a href=\"https:\/\/jrsbelgium.org\/fr\/nouveau-rapport-sur-la-vulnerabilite-en-detention\/mapping-vulnerabilite-detention\/\" rel=\"attachment wp-att-1043\">Mapping vuln\u00e9rabilit\u00e9 &amp; d\u00e9tention<\/a><\/p>\n<\/div>\n","protected":false},"excerpt":{"rendered":"<p>La d\u00e9tention administrative a un impact n\u00e9gatif sur toutes les personnes migrantes. Mais qu\u2019en est-il des personnes vuln\u00e9rables comme les femmes enceintes, les personnes souffrant de maladie grave ou de troubles mentaux\u00a0? Elles aussi sont enferm\u00e9es aujourd\u2019hui, ce qui agrave leur \u00e9tat psychologique et physique. Ce rapport a pour objectif de r\u00e9pertorier les diff\u00e9rents m\u00e9canismes [&hellip;]<\/p>\n","protected":false},"author":4,"featured_media":884,"comment_status":"closed","ping_status":"closed","sticky":false,"template":"","format":"standard","meta":{"footnotes":""},"categories":[1],"tags":[],"class_list":["post-1042","post","type-post","status-publish","format-standard","has-post-thumbnail","hentry","category-non-classifiee"],"acf":[],"_links":{"self":[{"href":"https:\/\/jrsbelgium.org\/fr\/wp-json\/wp\/v2\/posts\/1042","targetHints":{"allow":["GET"]}}],"collection":[{"href":"https:\/\/jrsbelgium.org\/fr\/wp-json\/wp\/v2\/posts"}],"about":[{"href":"https:\/\/jrsbelgium.org\/fr\/wp-json\/wp\/v2\/types\/post"}],"author":[{"embeddable":true,"href":"https:\/\/jrsbelgium.org\/fr\/wp-json\/wp\/v2\/users\/4"}],"replies":[{"embeddable":true,"href":"https:\/\/jrsbelgium.org\/fr\/wp-json\/wp\/v2\/comments?post=1042"}],"version-history":[{"count":0,"href":"https:\/\/jrsbelgium.org\/fr\/wp-json\/wp\/v2\/posts\/1042\/revisions"}],"wp:featuredmedia":[{"embeddable":true,"href":"https:\/\/jrsbelgium.org\/fr\/wp-json\/wp\/v2\/media\/884"}],"wp:attachment":[{"href":"https:\/\/jrsbelgium.org\/fr\/wp-json\/wp\/v2\/media?parent=1042"}],"wp:term":[{"taxonomy":"category","embeddable":true,"href":"https:\/\/jrsbelgium.org\/fr\/wp-json\/wp\/v2\/categories?post=1042"},{"taxonomy":"post_tag","embeddable":true,"href":"https:\/\/jrsbelgium.org\/fr\/wp-json\/wp\/v2\/tags?post=1042"}],"curies":[{"name":"wp","href":"https:\/\/api.w.org\/{rel}","templated":true}]}}