{"id":1445,"date":"2024-12-09T15:07:18","date_gmt":"2024-12-09T14:07:18","guid":{"rendered":"https:\/\/jrsbelgium.org\/\/?p=1445"},"modified":"2024-12-09T15:07:18","modified_gmt":"2024-12-09T14:07:18","slug":"18eme-dvsg-approfondir-notre-comprehension-de-la-vulnerabilite-en-detention","status":"publish","type":"post","link":"https:\/\/jrsbelgium.org\/fr\/18eme-dvsg-approfondir-notre-comprehension-de-la-vulnerabilite-en-detention\/","title":{"rendered":"18\u00e8me DVSG : approfondir notre compr\u00e9hension de la vuln\u00e9rabilit\u00e9 en d\u00e9tention"},"content":{"rendered":"<p>Entre le 18 et le 22 novembre, des visiteurs en d\u00e9tention de huit pays diff\u00e9rents se sont r\u00e9unis \u00e0 Malte dans le cadre du 18e\u00a0<em>Detention Visitor Suppor Group\u00a0<\/em>(DVSG). Cette r\u00e9union annuelle rassemble des employ\u00e9s du JRS de toute l&rsquo;Europe pour discuter les derniers d\u00e9veloppements et d\u00e9fis auxquels ils sont confront\u00e9s et afin de participer \u00e0 diff\u00e9rentes formations encadr\u00e9s par des experts.<\/p>\n<p>Cette ann\u00e9e, la r\u00e9union s&rsquo;est concentr\u00e9e sur la vuln\u00e9rabilit\u00e9 dans le contexte de la d\u00e9tention et sur la meilleure mani\u00e8re d&rsquo;accompagner les personnes les plus vuln\u00e9rables. Pour explorer ce th\u00e8me, les discussions et les formations ont port\u00e9 sur les crit\u00e8res de vuln\u00e9rabilit\u00e9, qui varient selon les pays, sur les pratiques de soutien psychosocial et de sant\u00e9 mentale pouvant \u00eatre appliqu\u00e9es lors des visites, ainsi que sur les moyens pour les visiteurs de prendre soin d&rsquo;eux-m\u00eames dans des contextes difficiles et \u00e9motionnellement \u00e9prouvants.<\/p>\n<p>Mariza Koronioti, responsable des programmes de JRS Europe en charge du projet \u00ab\u00a0Detention Under the Spotlight\u00a0\u00bb et principale organisatrice de l&rsquo;\u00e9v\u00e9nement, a d\u00e9clar\u00e9 : \u00ab Cette r\u00e9union intervient \u00e0 un moment crucial. C&rsquo;est la premi\u00e8re DVSG depuis l&rsquo;approbation du Pacte europ\u00e9en sur la migration et l&rsquo;asile. Cette nouvelle l\u00e9gislation aura un impact \u00e9norme sur les visiteurs en centre de d\u00e9tention, car il entra\u00eenera une augmentation drastique du nombre de personnes en d\u00e9tention, en particulier aux fronti\u00e8res de l&rsquo;UE. \u00bb<\/p>\n<p>\u00ab Nous sommes heureux de constater l&rsquo;engagement et l&rsquo;enthousiasme constants des bureaux nationaux \u00e0 participer \u00e0 cette formation, et nous sommes ravis de continuer \u00e0 co-cr\u00e9er cet espace qui favorise un environnement de soutien et d&rsquo;accompagnement mutuel pour les visiteurs en centre de d\u00e9tention \u00bb, a-t-elle ajout\u00e9.<\/p>\n<p>Par ailleurs, le bureau local \u00e0 Malte a offert un aper\u00e7u d\u00e9taill\u00e9 du contexte maltais, en mettant notamment en lumi\u00e8re la d\u00e9t\u00e9rioration de l&rsquo;acc\u00e8s aux centres de d\u00e9tention et l&rsquo;augmentation des restrictions concernant les services qu&rsquo;ils peuvent offrir. En compl\u00e9ment, la Fondation Aditus, partenaire de JRS Malta, a pr\u00e9sent\u00e9 son exp\u00e9rience en mati\u00e8re de contentieux strat\u00e9gique, y compris devant la Cour europ\u00e9enne des droits de l&rsquo;homme, les am\u00e9liorations obtenues gr\u00e2ce \u00e0 cette approche et les d\u00e9fis rencontr\u00e9s.<\/p>\n<p>Enfin, JRS Europe a cl\u00f4tur\u00e9 les derni\u00e8res sessions en se projetant sur les prochaines \u00e9tapes des projets communs, en discutant des moyens de mieux collaborer \u00e0 travers des activit\u00e9s conjointes en mati\u00e8re juridique, de plaidoyer et de communication, afin de maximiser l\u2019impact de notre travail. Cela rev\u00eat une importance cruciale dans un contexte o\u00f9 la d\u00e9tention li\u00e9e \u00e0 l\u2019immigration est vou\u00e9e \u00e0 augmenter drastiquement en raison des politiques du Pacte europ\u00e9en sur la migration et l\u2019asile.<\/p>\n","protected":false},"excerpt":{"rendered":"<p>Entre le 18 et le 22 novembre, des visiteurs en d\u00e9tention de huit pays diff\u00e9rents se sont r\u00e9unis \u00e0 Malte dans le cadre du 18e\u00a0Detention Visitor Suppor Group\u00a0(DVSG). Cette r\u00e9union annuelle rassemble des employ\u00e9s du JRS de toute l&rsquo;Europe pour discuter les derniers d\u00e9veloppements et d\u00e9fis auxquels ils sont confront\u00e9s et afin de participer \u00e0 [&hellip;]<\/p>\n","protected":false},"author":4,"featured_media":1446,"comment_status":"closed","ping_status":"closed","sticky":false,"template":"","format":"standard","meta":{"footnotes":""},"categories":[1],"tags":[],"class_list":["post-1445","post","type-post","status-publish","format-standard","has-post-thumbnail","hentry","category-non-classifiee"],"acf":[],"_links":{"self":[{"href":"https:\/\/jrsbelgium.org\/fr\/wp-json\/wp\/v2\/posts\/1445","targetHints":{"allow":["GET"]}}],"collection":[{"href":"https:\/\/jrsbelgium.org\/fr\/wp-json\/wp\/v2\/posts"}],"about":[{"href":"https:\/\/jrsbelgium.org\/fr\/wp-json\/wp\/v2\/types\/post"}],"author":[{"embeddable":true,"href":"https:\/\/jrsbelgium.org\/fr\/wp-json\/wp\/v2\/users\/4"}],"replies":[{"embeddable":true,"href":"https:\/\/jrsbelgium.org\/fr\/wp-json\/wp\/v2\/comments?post=1445"}],"version-history":[{"count":1,"href":"https:\/\/jrsbelgium.org\/fr\/wp-json\/wp\/v2\/posts\/1445\/revisions"}],"predecessor-version":[{"id":1448,"href":"https:\/\/jrsbelgium.org\/fr\/wp-json\/wp\/v2\/posts\/1445\/revisions\/1448"}],"wp:featuredmedia":[{"embeddable":true,"href":"https:\/\/jrsbelgium.org\/fr\/wp-json\/wp\/v2\/media\/1446"}],"wp:attachment":[{"href":"https:\/\/jrsbelgium.org\/fr\/wp-json\/wp\/v2\/media?parent=1445"}],"wp:term":[{"taxonomy":"category","embeddable":true,"href":"https:\/\/jrsbelgium.org\/fr\/wp-json\/wp\/v2\/categories?post=1445"},{"taxonomy":"post_tag","embeddable":true,"href":"https:\/\/jrsbelgium.org\/fr\/wp-json\/wp\/v2\/tags?post=1445"}],"curies":[{"name":"wp","href":"https:\/\/api.w.org\/{rel}","templated":true}]}}