{"id":1537,"date":"2025-02-04T11:26:30","date_gmt":"2025-02-04T10:26:30","guid":{"rendered":"https:\/\/jrsbelgium.org\/?p=1537"},"modified":"2025-02-04T11:34:40","modified_gmt":"2025-02-04T10:34:40","slug":"un-accueil-prudent-de-la-nouvelle-ministre-de-lasile-et-de-la-migration","status":"publish","type":"post","link":"https:\/\/jrsbelgium.org\/fr\/un-accueil-prudent-de-la-nouvelle-ministre-de-lasile-et-de-la-migration\/","title":{"rendered":"Un accueil prudent de la nouvelle ministre de l\u2019Asile et de la Migration"},"content":{"rendered":"<p>JRS Belgium souhaite \u00e0 Anneleen Van Bossuyt bonne chance dans l\u2019exercice de sa nouvelle et importante fonction de ministre de l\u2019Asile et de la Migration. Toute politique doit se juger \u00e0 sa capacit\u00e9 \u00e0 faire respecter la dignit\u00e9 des personnes qu\u2019elle vise. Nous esp\u00e9rons en ce sens que dans son action la ministre tiendra d\u00fbment compte de la vie des personnes migrantes.<\/p>\n<p>En tant que centre d&rsquo;expertise sur la d\u00e9tention migratoire en Belgique, JRS Belgium s&rsquo;inqui\u00e8te de la criminalisation des personnes sans titre de s\u00e9jour et des demandeurs d&rsquo;asile \u00e0 la fronti\u00e8re. Ces personnes n&rsquo;ont commis aucun crime. Elles ne disposent simplement pas des bons papiers.<\/p>\n<p>Elles ne devraient pas \u00eatre enferm\u00e9es. Pourtant, l\u2019Arizona souhaite doubler la capacit\u00e9 des centres ferm\u00e9s et augmenter la dur\u00e9e de d\u00e9tention administrative de 8 \u00e0 18 mois. Nous nous rendons chaque semaine dans ces centres et constatons comment cette d\u00e9tention cause des souffrances inutiles et se r\u00e9v\u00e8le inefficace. Pour les personnes demandant une protection internationale, qui tentent de reconstruire leur vie ici, et surtout pour les familles avec enfants, la d\u00e9tention repr\u00e9sente un traumatisme suppl\u00e9mentaire.<\/p>\n<p>On ne devrait pas non plus pouvoir p\u00e9n\u00e9trer dans leur domicile pour les arr\u00eater. Avec cette ouverture aux visites domiciliaires, cet accord de gouvernement enfonce encore plus profond\u00e9ment dans la vuln\u00e9rabilit\u00e9 les personnes sans papiers.<\/p>\n<p>Nous apercevons une poign\u00e9e de points positifs. Les enfants de familles sans titre de s\u00e9jour continuent \u00e0 ne pas pouvoir \u00eatre enferm\u00e9s dans le cadre de leur proc\u00e9dures de retour et nous saluons l\u2019intention du gouvernement de d\u00e9velopper des alternatives \u00e0 la d\u00e9tention. C&rsquo;est pourquoi nous restons pr\u00eats \u00e0 engager le dialogue avec les autorit\u00e9s et \u00e0 offrir notre exp\u00e9rience pratique et notre expertise dans ce domaine.<\/p>\n","protected":false},"excerpt":{"rendered":"<p>JRS Belgium souhaite \u00e0 Anneleen Van Bossuyt bonne chance dans l\u2019exercice de sa nouvelle et importante fonction de ministre de l\u2019Asile et de la Migration. Toute politique doit se juger \u00e0 sa capacit\u00e9 \u00e0 faire respecter la dignit\u00e9 des personnes qu\u2019elle vise. Nous esp\u00e9rons en ce sens que dans son action la ministre tiendra d\u00fbment [&hellip;]<\/p>\n","protected":false},"author":4,"featured_media":1535,"comment_status":"closed","ping_status":"closed","sticky":false,"template":"","format":"standard","meta":{"footnotes":""},"categories":[1],"tags":[],"class_list":["post-1537","post","type-post","status-publish","format-standard","has-post-thumbnail","hentry","category-non-classifiee"],"acf":[],"_links":{"self":[{"href":"https:\/\/jrsbelgium.org\/fr\/wp-json\/wp\/v2\/posts\/1537","targetHints":{"allow":["GET"]}}],"collection":[{"href":"https:\/\/jrsbelgium.org\/fr\/wp-json\/wp\/v2\/posts"}],"about":[{"href":"https:\/\/jrsbelgium.org\/fr\/wp-json\/wp\/v2\/types\/post"}],"author":[{"embeddable":true,"href":"https:\/\/jrsbelgium.org\/fr\/wp-json\/wp\/v2\/users\/4"}],"replies":[{"embeddable":true,"href":"https:\/\/jrsbelgium.org\/fr\/wp-json\/wp\/v2\/comments?post=1537"}],"version-history":[{"count":2,"href":"https:\/\/jrsbelgium.org\/fr\/wp-json\/wp\/v2\/posts\/1537\/revisions"}],"predecessor-version":[{"id":1541,"href":"https:\/\/jrsbelgium.org\/fr\/wp-json\/wp\/v2\/posts\/1537\/revisions\/1541"}],"wp:featuredmedia":[{"embeddable":true,"href":"https:\/\/jrsbelgium.org\/fr\/wp-json\/wp\/v2\/media\/1535"}],"wp:attachment":[{"href":"https:\/\/jrsbelgium.org\/fr\/wp-json\/wp\/v2\/media?parent=1537"}],"wp:term":[{"taxonomy":"category","embeddable":true,"href":"https:\/\/jrsbelgium.org\/fr\/wp-json\/wp\/v2\/categories?post=1537"},{"taxonomy":"post_tag","embeddable":true,"href":"https:\/\/jrsbelgium.org\/fr\/wp-json\/wp\/v2\/tags?post=1537"}],"curies":[{"name":"wp","href":"https:\/\/api.w.org\/{rel}","templated":true}]}}