{"id":1594,"date":"2025-03-25T10:58:05","date_gmt":"2025-03-25T09:58:05","guid":{"rendered":"https:\/\/jrsbelgium.org\/?p=1594"},"modified":"2025-03-25T11:04:25","modified_gmt":"2025-03-25T10:04:25","slug":"communique-du-reseau-jrs-europe-sur-le-nouveau-reglement-retour","status":"publish","type":"post","link":"https:\/\/jrsbelgium.org\/fr\/communique-du-reseau-jrs-europe-sur-le-nouveau-reglement-retour\/","title":{"rendered":"Communiqu\u00e9 du r\u00e9seau JRS Europe sur le nouveau r\u00e8glement retour"},"content":{"rendered":"<p>Le 11 mars, la Commission europ\u00e9enne a publi\u00e9 une proposition de r\u00e8glement afin de cr\u00e9er une nouvelle approche en mati\u00e8re de retour de personnes migrantes vers des pays tiers. Le r\u00e9seau JRS Europe est d&rsquo;avis que cette proposition m\u00e8nera \u00e0 davantage de violations de droits humains et de souffrance des personnes cherchant un meilleur avenir. La l\u00e9gislation propos\u00e9e risque d&rsquo;imposer des d\u00e9lais de d\u00e9tention prolong\u00e9s, des proc\u00e9dures alambiqu\u00e9es et des retours bas\u00e9s sur de arrangements flous avec des pays tiers.<\/p>\n<p class=\"\" data-start=\"0\" data-end=\"481\">Nous nous opposons fermement \u00e0 ce r\u00e8glement, craignant qu&rsquo;il n&rsquo;instaure de facto une politique commune de d\u00e9tention, conduisant les \u00c9tats membres \u00e0 privil\u00e9gier la s\u00e9curit\u00e9 au d\u00e9triment de la dignit\u00e9 humaine. Ce r\u00e8glement introduit des mesures punitives, prolonge les p\u00e9riodes de d\u00e9tention jusqu&rsquo;\u00e0 deux ans et favorise les retours forc\u00e9es au d\u00e9triment des retours volontaires, sans prendre suffisamment en compte des alternatives plus humaines et des mesures moins coercitives. De plus, l&rsquo;introduction des \u00ab centres de retour \u00bb dans des pays tiers, dans le cadre d&rsquo;accords ambigus, soul\u00e8ve de graves pr\u00e9occupations quant \u00e0 la responsabilit\u00e9 et au respect des droits humains fondamentaux.<\/p>\n<p class=\"\" data-start=\"1247\" data-end=\"1317\">La protection des fronti\u00e8res ne doit pas se faire au d\u00e9triment des droits et de la dignit\u00e9 des personnes. JRS Europe continuera \u00e0 plaider pour des politiques migratoires justes et humaines et \u00e0 offrir son soutien aux personnes d\u00e9plac\u00e9es de force.<\/p>\n<p data-start=\"1247\" data-end=\"1317\">Lisez le communiqu\u00e9 complet ici (en Anglais) : <a href=\"https:\/\/jrseurope.org\/wp-content\/uploads\/sites\/19\/2025\/03\/JRSE-joint-statement-on-returns-regulation.pdf\">communiqu\u00e9 JRS Europe<\/a><\/p>\n<p>&nbsp;<\/p>\n","protected":false},"excerpt":{"rendered":"<p>Le 11 mars, la Commission europ\u00e9enne a publi\u00e9 une proposition de r\u00e8glement afin de cr\u00e9er une nouvelle approche en mati\u00e8re de retour de personnes migrantes vers des pays tiers. Le r\u00e9seau JRS Europe est d&rsquo;avis que cette proposition m\u00e8nera \u00e0 davantage de violations de droits humains et de souffrance des personnes cherchant un meilleur avenir. [&hellip;]<\/p>\n","protected":false},"author":4,"featured_media":1596,"comment_status":"closed","ping_status":"closed","sticky":false,"template":"","format":"standard","meta":{"footnotes":""},"categories":[1],"tags":[],"class_list":["post-1594","post","type-post","status-publish","format-standard","has-post-thumbnail","hentry","category-non-classifiee"],"acf":[],"_links":{"self":[{"href":"https:\/\/jrsbelgium.org\/fr\/wp-json\/wp\/v2\/posts\/1594","targetHints":{"allow":["GET"]}}],"collection":[{"href":"https:\/\/jrsbelgium.org\/fr\/wp-json\/wp\/v2\/posts"}],"about":[{"href":"https:\/\/jrsbelgium.org\/fr\/wp-json\/wp\/v2\/types\/post"}],"author":[{"embeddable":true,"href":"https:\/\/jrsbelgium.org\/fr\/wp-json\/wp\/v2\/users\/4"}],"replies":[{"embeddable":true,"href":"https:\/\/jrsbelgium.org\/fr\/wp-json\/wp\/v2\/comments?post=1594"}],"version-history":[{"count":2,"href":"https:\/\/jrsbelgium.org\/fr\/wp-json\/wp\/v2\/posts\/1594\/revisions"}],"predecessor-version":[{"id":1603,"href":"https:\/\/jrsbelgium.org\/fr\/wp-json\/wp\/v2\/posts\/1594\/revisions\/1603"}],"wp:featuredmedia":[{"embeddable":true,"href":"https:\/\/jrsbelgium.org\/fr\/wp-json\/wp\/v2\/media\/1596"}],"wp:attachment":[{"href":"https:\/\/jrsbelgium.org\/fr\/wp-json\/wp\/v2\/media?parent=1594"}],"wp:term":[{"taxonomy":"category","embeddable":true,"href":"https:\/\/jrsbelgium.org\/fr\/wp-json\/wp\/v2\/categories?post=1594"},{"taxonomy":"post_tag","embeddable":true,"href":"https:\/\/jrsbelgium.org\/fr\/wp-json\/wp\/v2\/tags?post=1594"}],"curies":[{"name":"wp","href":"https:\/\/api.w.org\/{rel}","templated":true}]}}