{"id":1616,"date":"2025-04-04T14:15:57","date_gmt":"2025-04-04T12:15:57","guid":{"rendered":"https:\/\/jrsbelgium.org\/?p=1616"},"modified":"2025-04-04T14:36:13","modified_gmt":"2025-04-04T12:36:13","slug":"nos-valeurs-sous-les-projecteurs","status":"publish","type":"post","link":"https:\/\/jrsbelgium.org\/fr\/nos-valeurs-sous-les-projecteurs\/","title":{"rendered":"Nos valeurs sous les projecteurs"},"content":{"rendered":"<div>Interrog\u00e9 sur le plus grand d\u00e9fi pour la famille JRS mondiale, Arturo Sosa, Sup\u00e9rieur g\u00e9n\u00e9ral des J\u00e9suites, a r\u00e9pondu \u00e0 l&rsquo;\u00e9t\u00e9 2024 : \u00ab La recherche de sa propre identit\u00e9 \u00bb. Cela tombait bien pour JRS Belgium, car nous \u00e9tions \u00e0 ce moment-l\u00e0 engag\u00e9s dans le travail pr\u00e9paratoire de notre nouveau plan strat\u00e9gique. Et qu&rsquo;est-ce qu&rsquo;un plan strat\u00e9gique sinon la recherche de sa propre identit\u00e9 ? Nous avons donc \u00e9crit le livret \u00ab Joie \u00e0 la fronti\u00e8re \u00bb, dans lequel nous avons mis en lumi\u00e8re les sept valeurs de JRS du point de vue des migrants que nous accompagnons. Ces histoires montrent que les valeurs ne se vivent pas seulement en paroles, mais surtout en actes.<\/div>\n<div><\/div>\n<div>Des r\u00e9flexions, \u00e9crites par les membres de notre famille ignatienne \u00e9tendue et compl\u00e9t\u00e9es par des illustrations, approfondissent ces valeurs afin de permettre au lecteur de les replacer dans le contexte migratoire actuel et d&rsquo;en d\u00e9couvrir le sens profond.<\/div>\n<div><\/div>\n<div>Le JRS part \u00e0 la rencontre des personnes en d\u00e9tresse aux fronti\u00e8res de notre soci\u00e9t\u00e9. C&rsquo;est l\u00e0 que nous souhaitons \u00eatre, c&rsquo;est l\u00e0 que nous prenons le temps d&rsquo;une vraie rencontre, et de l\u00e0 que na\u00eet l&rsquo;espoir, voire la joie.<\/div>\n<div><\/div>\n<div>Retrouvez le livret ici : <span style=\"color: #000080;\"><a style=\"color: #000080;\" href=\"https:\/\/jrsbelgium.org\/fr\/nos-valeurs-sous-les-projecteurs\/vreugde-aan-de-grens-def_fr\/\" rel=\"attachment wp-att-1619\">Livret joie \u00e0 la fronti\u00e8re<\/a><\/span><\/div>\n","protected":false},"excerpt":{"rendered":"<p>Interrog\u00e9 sur le plus grand d\u00e9fi pour la famille JRS mondiale, Arturo Sosa, Sup\u00e9rieur g\u00e9n\u00e9ral des J\u00e9suites, a r\u00e9pondu \u00e0 l&rsquo;\u00e9t\u00e9 2024 : \u00ab La recherche de sa propre identit\u00e9 \u00bb. Cela tombait bien pour JRS Belgium, car nous \u00e9tions \u00e0 ce moment-l\u00e0 engag\u00e9s dans le travail pr\u00e9paratoire de notre nouveau plan strat\u00e9gique. Et qu&rsquo;est-ce [&hellip;]<\/p>\n","protected":false},"author":4,"featured_media":1617,"comment_status":"closed","ping_status":"closed","sticky":false,"template":"","format":"standard","meta":{"footnotes":""},"categories":[1],"tags":[],"class_list":["post-1616","post","type-post","status-publish","format-standard","has-post-thumbnail","hentry","category-non-classifiee"],"acf":[],"_links":{"self":[{"href":"https:\/\/jrsbelgium.org\/fr\/wp-json\/wp\/v2\/posts\/1616","targetHints":{"allow":["GET"]}}],"collection":[{"href":"https:\/\/jrsbelgium.org\/fr\/wp-json\/wp\/v2\/posts"}],"about":[{"href":"https:\/\/jrsbelgium.org\/fr\/wp-json\/wp\/v2\/types\/post"}],"author":[{"embeddable":true,"href":"https:\/\/jrsbelgium.org\/fr\/wp-json\/wp\/v2\/users\/4"}],"replies":[{"embeddable":true,"href":"https:\/\/jrsbelgium.org\/fr\/wp-json\/wp\/v2\/comments?post=1616"}],"version-history":[{"count":2,"href":"https:\/\/jrsbelgium.org\/fr\/wp-json\/wp\/v2\/posts\/1616\/revisions"}],"predecessor-version":[{"id":1626,"href":"https:\/\/jrsbelgium.org\/fr\/wp-json\/wp\/v2\/posts\/1616\/revisions\/1626"}],"wp:featuredmedia":[{"embeddable":true,"href":"https:\/\/jrsbelgium.org\/fr\/wp-json\/wp\/v2\/media\/1617"}],"wp:attachment":[{"href":"https:\/\/jrsbelgium.org\/fr\/wp-json\/wp\/v2\/media?parent=1616"}],"wp:term":[{"taxonomy":"category","embeddable":true,"href":"https:\/\/jrsbelgium.org\/fr\/wp-json\/wp\/v2\/categories?post=1616"},{"taxonomy":"post_tag","embeddable":true,"href":"https:\/\/jrsbelgium.org\/fr\/wp-json\/wp\/v2\/tags?post=1616"}],"curies":[{"name":"wp","href":"https:\/\/api.w.org\/{rel}","templated":true}]}}