{"id":1677,"date":"2025-06-11T15:43:45","date_gmt":"2025-06-11T13:43:45","guid":{"rendered":"https:\/\/jrsbelgium.org\/?p=1677"},"modified":"2025-06-11T15:47:33","modified_gmt":"2025-06-11T13:47:33","slug":"lenfermement-des-etudiants-etrangers-dans-le-presse","status":"publish","type":"post","link":"https:\/\/jrsbelgium.org\/fr\/lenfermement-des-etudiants-etrangers-dans-le-presse\/","title":{"rendered":"L&rsquo;enfermement des \u00e9tudiants \u00e9trangers dans le presse"},"content":{"rendered":"<p data-start=\"0\" data-end=\"588\">C\u2019est une situation qui r\u00e9appara\u00eet tous les quelques mois : des \u00e9tudiants dont les papiers, les motifs ou les comp\u00e9tences sont remis en question par la police a\u00e9roportuaire se retrouvent r\u00e9guli\u00e8rement en d\u00e9tention, suite \u00e0 une d\u00e9cision de l\u2019Office des \u00e9trangers. Ces cas illustrent parfaitement l\u2019arbitraire qui peut exister aux fronti\u00e8res du pays. En 2023, l\u2019\u00c9tat belge a ainsi \u00e9t\u00e9 condamn\u00e9 pour avoir d\u00e9tenu deux \u00e9tudiants. Le tribunal de premi\u00e8re instance de Bruxelles avait mis en doute la l\u00e9galit\u00e9 des motifs de leur d\u00e9tention, constatant qu\u2019ils \u00e9taient \u00ab d\u2019ordre g\u00e9n\u00e9ral et st\u00e9r\u00e9otyp\u00e9s \u00bb.<\/p>\n<p data-start=\"590\" data-end=\"891\">Des \u00e9tudiants de la VUB ont examin\u00e9 la situation dans le cadre de leur m\u00e9moire. Pour ce faire, ils ont interview\u00e9 des \u00e9tudiants ayant connu la d\u00e9tention. Le r\u00e9sultat de leur (important) travail de recherche, ainsi que les t\u00e9moignages des \u00e9tudiants, sont publi\u00e9s aujourd\u2019hui dans un article de <em data-start=\"883\" data-end=\"890\">Knack<\/em>.<\/p>\n<p data-start=\"893\" data-end=\"929\" data-is-last-node=\"\" data-is-only-node=\"\">Vous pouvez retrouver l\u2019article (en N\u00e9erlandais) ici: <a href=\"https:\/\/www.knack.be\/nieuws\/belgie\/justitie\/opsluiting-van-6-studenten-in-belgie-ze-vertelden-me-dat-het-zeker-geen-gevangenis-was\/?utm_medium=social_knack&amp;utm_source=Bluesky#Echobox=1749627289\">Article Knack<\/a>.<\/p>\n","protected":false},"excerpt":{"rendered":"<p>C\u2019est une situation qui r\u00e9appara\u00eet tous les quelques mois : des \u00e9tudiants dont les papiers, les motifs ou les comp\u00e9tences sont remis en question par la police a\u00e9roportuaire se retrouvent r\u00e9guli\u00e8rement en d\u00e9tention, suite \u00e0 une d\u00e9cision de l\u2019Office des \u00e9trangers. Ces cas illustrent parfaitement l\u2019arbitraire qui peut exister aux fronti\u00e8res du pays. En 2023, [&hellip;]<\/p>\n","protected":false},"author":4,"featured_media":1674,"comment_status":"closed","ping_status":"closed","sticky":false,"template":"","format":"standard","meta":{"footnotes":""},"categories":[1],"tags":[],"class_list":["post-1677","post","type-post","status-publish","format-standard","has-post-thumbnail","hentry","category-non-classifiee"],"acf":[],"_links":{"self":[{"href":"https:\/\/jrsbelgium.org\/fr\/wp-json\/wp\/v2\/posts\/1677","targetHints":{"allow":["GET"]}}],"collection":[{"href":"https:\/\/jrsbelgium.org\/fr\/wp-json\/wp\/v2\/posts"}],"about":[{"href":"https:\/\/jrsbelgium.org\/fr\/wp-json\/wp\/v2\/types\/post"}],"author":[{"embeddable":true,"href":"https:\/\/jrsbelgium.org\/fr\/wp-json\/wp\/v2\/users\/4"}],"replies":[{"embeddable":true,"href":"https:\/\/jrsbelgium.org\/fr\/wp-json\/wp\/v2\/comments?post=1677"}],"version-history":[{"count":1,"href":"https:\/\/jrsbelgium.org\/fr\/wp-json\/wp\/v2\/posts\/1677\/revisions"}],"predecessor-version":[{"id":1678,"href":"https:\/\/jrsbelgium.org\/fr\/wp-json\/wp\/v2\/posts\/1677\/revisions\/1678"}],"wp:featuredmedia":[{"embeddable":true,"href":"https:\/\/jrsbelgium.org\/fr\/wp-json\/wp\/v2\/media\/1674"}],"wp:attachment":[{"href":"https:\/\/jrsbelgium.org\/fr\/wp-json\/wp\/v2\/media?parent=1677"}],"wp:term":[{"taxonomy":"category","embeddable":true,"href":"https:\/\/jrsbelgium.org\/fr\/wp-json\/wp\/v2\/categories?post=1677"},{"taxonomy":"post_tag","embeddable":true,"href":"https:\/\/jrsbelgium.org\/fr\/wp-json\/wp\/v2\/tags?post=1677"}],"curies":[{"name":"wp","href":"https:\/\/api.w.org\/{rel}","templated":true}]}}