{"id":1738,"date":"2025-10-27T17:08:44","date_gmt":"2025-10-27T16:08:44","guid":{"rendered":"https:\/\/jrsbelgium.org\/?p=1738"},"modified":"2025-10-28T11:52:26","modified_gmt":"2025-10-28T10:52:26","slug":"archeveque-offre-du-reconfort-a-un-detenu-a-merksplas","status":"publish","type":"post","link":"https:\/\/jrsbelgium.org\/fr\/archeveque-offre-du-reconfort-a-un-detenu-a-merksplas\/","title":{"rendered":"Archev\u00eaque offre du r\u00e9confort \u00e0 un d\u00e9tenu \u00e0 Merksplas"},"content":{"rendered":"<p>Vendredi 24 octobre. L\u2019archev\u00eaque Luc Terlinden visite, en compagnie du directeur et d\u2019un b\u00e9n\u00e9vole du JRS, le centre de d\u00e9tention de Merksplas. L\u00e0, nous rencontrons un homme originaire du Ghana. Son retour forc\u00e9 est pr\u00e9vu pour le lendemain. Il h\u00e9site : doit-il r\u00e9sister ou se r\u00e9signer ? Sur son visage se lisent le d\u00e9sespoir, la d\u00e9chirure et l\u2019inqui\u00e9tude existentielle profonde de quelqu\u2019un qui risque de tout perdre. L\u2019homme n\u2019est plus jeune. Il vit depuis de nombreuses ann\u00e9es en Belgique, o\u00f9 r\u00e9sident sa femme et son enfant.<\/p>\n<p>Avec pr\u00e9caution, il demande \u00e0 Mgr Terlinden s\u2019il veut bien le b\u00e9nir. Il est chr\u00e9tien. Tous deux se l\u00e8vent. L\u2019archev\u00eaque pose les mains sur la t\u00eate de l\u2019homme, prononce une b\u00e9n\u00e9diction et prie en silence. Peu \u00e0 peu, le visage de l\u2019homme se d\u00e9tend. Un sourire appara\u00eet. Une paix descend, perceptible dans toute la pi\u00e8ce.<\/p>\n<p>Un moment de consolation qui me restera grav\u00e9.<\/p>\n<p>J\u00f6rg Gebhard<\/p>\n","protected":false},"excerpt":{"rendered":"<p>Vendredi 24 octobre. L\u2019archev\u00eaque Luc Terlinden visite, en compagnie du directeur et d\u2019un b\u00e9n\u00e9vole du JRS, le centre de d\u00e9tention de Merksplas. L\u00e0, nous rencontrons un homme originaire du Ghana. Son retour forc\u00e9 est pr\u00e9vu pour le lendemain. Il h\u00e9site : doit-il r\u00e9sister ou se r\u00e9signer ? Sur son visage se lisent le d\u00e9sespoir, la [&hellip;]<\/p>\n","protected":false},"author":3,"featured_media":1740,"comment_status":"closed","ping_status":"closed","sticky":false,"template":"","format":"standard","meta":{"footnotes":""},"categories":[1],"tags":[],"class_list":["post-1738","post","type-post","status-publish","format-standard","has-post-thumbnail","hentry","category-non-classifiee"],"acf":[],"_links":{"self":[{"href":"https:\/\/jrsbelgium.org\/fr\/wp-json\/wp\/v2\/posts\/1738","targetHints":{"allow":["GET"]}}],"collection":[{"href":"https:\/\/jrsbelgium.org\/fr\/wp-json\/wp\/v2\/posts"}],"about":[{"href":"https:\/\/jrsbelgium.org\/fr\/wp-json\/wp\/v2\/types\/post"}],"author":[{"embeddable":true,"href":"https:\/\/jrsbelgium.org\/fr\/wp-json\/wp\/v2\/users\/3"}],"replies":[{"embeddable":true,"href":"https:\/\/jrsbelgium.org\/fr\/wp-json\/wp\/v2\/comments?post=1738"}],"version-history":[{"count":1,"href":"https:\/\/jrsbelgium.org\/fr\/wp-json\/wp\/v2\/posts\/1738\/revisions"}],"predecessor-version":[{"id":1739,"href":"https:\/\/jrsbelgium.org\/fr\/wp-json\/wp\/v2\/posts\/1738\/revisions\/1739"}],"wp:featuredmedia":[{"embeddable":true,"href":"https:\/\/jrsbelgium.org\/fr\/wp-json\/wp\/v2\/media\/1740"}],"wp:attachment":[{"href":"https:\/\/jrsbelgium.org\/fr\/wp-json\/wp\/v2\/media?parent=1738"}],"wp:term":[{"taxonomy":"category","embeddable":true,"href":"https:\/\/jrsbelgium.org\/fr\/wp-json\/wp\/v2\/categories?post=1738"},{"taxonomy":"post_tag","embeddable":true,"href":"https:\/\/jrsbelgium.org\/fr\/wp-json\/wp\/v2\/tags?post=1738"}],"curies":[{"name":"wp","href":"https:\/\/api.w.org\/{rel}","templated":true}]}}