{"id":1773,"date":"2025-11-25T13:09:59","date_gmt":"2025-11-25T12:09:59","guid":{"rendered":"https:\/\/jrsbelgium.org\/?p=1773"},"modified":"2025-11-25T13:16:05","modified_gmt":"2025-11-25T12:16:05","slug":"focus-8-demandeurs-dasile-renvoyes-vers-la-hongrie","status":"publish","type":"post","link":"https:\/\/jrsbelgium.org\/fr\/focus-8-demandeurs-dasile-renvoyes-vers-la-hongrie\/","title":{"rendered":"Focus #8 : Demandeurs d&rsquo;asile renvoy\u00e9s vers la Hongrie"},"content":{"rendered":"<p><em>Par le biais des t\u00e9moignages de personnes rencontr\u00e9es en d\u00e9tention, la s\u00e9rie Focus vise \u00e0 mettre en lumi\u00e8re diff\u00e9rentes probl\u00e9matiques li\u00e9es \u00e0 l\u2019enfermement. Nous y contextualisons celles-ci et mettons en avant des pistes de solution. Faire ressortir la voix de ces personnes, c\u2019est lutter contre leur invisibilisation et une tentative de faire exister leur situation. C\u2019est un moyen de d\u00e9noncer le syst\u00e8me de la d\u00e9tention administrative et de plaider pour la mise en \u0153uvre d\u2019alternatives.<\/em><\/p>\n<p><a href=\"https:\/\/jrsbelgium.org\/fr\/focus-8-demandeurs-dasile-renvoyes-vers-la-hongrie\/fiche-hongrie-2\/\" rel=\"attachment wp-att-1769\"><img loading=\"lazy\" decoding=\"async\" class=\"aligncenter size-full wp-image-1769\" src=\"https:\/\/jrsbelgium.org\/wp-content\/uploads\/2025\/11\/Fiche-Hongrie-1.jpg\" alt=\"\" width=\"1241\" height=\"1755\" srcset=\"https:\/\/jrsbelgium.org\/wp-content\/uploads\/2025\/11\/Fiche-Hongrie-1.jpg 1241w, https:\/\/jrsbelgium.org\/wp-content\/uploads\/2025\/11\/Fiche-Hongrie-1-212x300.jpg 212w, https:\/\/jrsbelgium.org\/wp-content\/uploads\/2025\/11\/Fiche-Hongrie-1-724x1024.jpg 724w, https:\/\/jrsbelgium.org\/wp-content\/uploads\/2025\/11\/Fiche-Hongrie-1-768x1086.jpg 768w, https:\/\/jrsbelgium.org\/wp-content\/uploads\/2025\/11\/Fiche-Hongrie-1-1086x1536.jpg 1086w\" sizes=\"auto, (max-width: 1241px) 100vw, 1241px\" \/><\/a><\/p>\n","protected":false},"excerpt":{"rendered":"<p>Huiti\u00e8me \u00e9pisode de notre s\u00e9rie \u00ab\u00a0focus\u00a0\u00bb par le biais de laquelle nous faisons sortir la voix de personnes d\u00e9tenues et mettons en lumi\u00e8re certains probl\u00e9matiques.<\/p>\n","protected":false},"author":4,"featured_media":1771,"comment_status":"closed","ping_status":"closed","sticky":false,"template":"","format":"standard","meta":{"footnotes":""},"categories":[],"tags":[],"class_list":["post-1773","post","type-post","status-publish","format-standard","has-post-thumbnail","hentry"],"acf":[],"_links":{"self":[{"href":"https:\/\/jrsbelgium.org\/fr\/wp-json\/wp\/v2\/posts\/1773","targetHints":{"allow":["GET"]}}],"collection":[{"href":"https:\/\/jrsbelgium.org\/fr\/wp-json\/wp\/v2\/posts"}],"about":[{"href":"https:\/\/jrsbelgium.org\/fr\/wp-json\/wp\/v2\/types\/post"}],"author":[{"embeddable":true,"href":"https:\/\/jrsbelgium.org\/fr\/wp-json\/wp\/v2\/users\/4"}],"replies":[{"embeddable":true,"href":"https:\/\/jrsbelgium.org\/fr\/wp-json\/wp\/v2\/comments?post=1773"}],"version-history":[{"count":2,"href":"https:\/\/jrsbelgium.org\/fr\/wp-json\/wp\/v2\/posts\/1773\/revisions"}],"predecessor-version":[{"id":1780,"href":"https:\/\/jrsbelgium.org\/fr\/wp-json\/wp\/v2\/posts\/1773\/revisions\/1780"}],"wp:featuredmedia":[{"embeddable":true,"href":"https:\/\/jrsbelgium.org\/fr\/wp-json\/wp\/v2\/media\/1771"}],"wp:attachment":[{"href":"https:\/\/jrsbelgium.org\/fr\/wp-json\/wp\/v2\/media?parent=1773"}],"wp:term":[{"taxonomy":"category","embeddable":true,"href":"https:\/\/jrsbelgium.org\/fr\/wp-json\/wp\/v2\/categories?post=1773"},{"taxonomy":"post_tag","embeddable":true,"href":"https:\/\/jrsbelgium.org\/fr\/wp-json\/wp\/v2\/tags?post=1773"}],"curies":[{"name":"wp","href":"https:\/\/api.w.org\/{rel}","templated":true}]}}