{"id":1794,"date":"2025-12-01T14:51:16","date_gmt":"2025-12-01T13:51:16","guid":{"rendered":"https:\/\/jrsbelgium.org\/?p=1794"},"modified":"2025-12-01T14:51:16","modified_gmt":"2025-12-01T13:51:16","slug":"moment-historique-le-mnp-entame-sa-mission-de-controle-dans-les-centres-de-detention-belges","status":"publish","type":"post","link":"https:\/\/jrsbelgium.org\/fr\/moment-historique-le-mnp-entame-sa-mission-de-controle-dans-les-centres-de-detention-belges\/","title":{"rendered":"Moment historique : le MNP entame sa mission de contr\u00f4le dans les centres de d\u00e9tention belges"},"content":{"rendered":"<p>Vingt ans (sic !) apr\u00e8s que la Belgique a sign\u00e9 le Optional Protocol to the Convention Against Torture (OPCAT), le M\u00e9canisme national de pr\u00e9vention (MNP) a effectu\u00e9 pour la premi\u00e8re fois une visite au centre de d\u00e9tention 127bis. Une \u00e9tape importante pour la protection des droits des personnes priv\u00e9es de libert\u00e9.<\/p>\n<p>Gr\u00e2ce \u00e0 cette visite, la Belgique dispose enfin d\u2019un m\u00e9canisme ind\u00e9pendant capable de contr\u00f4ler de mani\u00e8re syst\u00e9matique les centres de d\u00e9tention \u2014 une demande que JRS Belgium porte depuis 25 ans. Cela signifie-t-il que notre r\u00f4le est devenu superflu ? Malheureusement non.<\/p>\n<p>Le MNP, coordonn\u00e9 par le Institut f\u00e9d\u00e9ral pour la protection et la promotion des droits humains (FIRM) et mis en \u0153uvre sur le terrain par Myria, ne dispose pas encore des ressources humaines n\u00e9cessaires pour assurer une pr\u00e9sence continue dans les centres. Il peut toutefois effectuer des contr\u00f4les r\u00e9guliers sur la base d\u2019un mandat officiel des Nations unies.<\/p>\n<p>Cette \u00e9volution n\u2019en demeure pas moins porteuse d\u2019espoir. Au contraire : il s\u2019agit d\u2019une v\u00e9ritable \u00e9tape historique.<\/p>\n<p>Chez JRS Belgium, nous saluons chaleureusement le lancement du MNP et lui souhaitons un excellent d\u00e9but de mission !<\/p>\n","protected":false},"excerpt":{"rendered":"<p>Vingt ans (sic !) apr\u00e8s que la Belgique a sign\u00e9 le Optional Protocol to the Convention Against Torture (OPCAT), le M\u00e9canisme national de pr\u00e9vention (MNP) a effectu\u00e9 pour la premi\u00e8re fois une visite au centre de d\u00e9tention 127bis. Une \u00e9tape importante pour la protection des droits des personnes priv\u00e9es de libert\u00e9. Gr\u00e2ce \u00e0 cette visite, [&hellip;]<\/p>\n","protected":false},"author":3,"featured_media":1793,"comment_status":"closed","ping_status":"closed","sticky":false,"template":"","format":"standard","meta":{"footnotes":""},"categories":[1],"tags":[],"class_list":["post-1794","post","type-post","status-publish","format-standard","has-post-thumbnail","hentry","category-non-classifiee"],"acf":[],"_links":{"self":[{"href":"https:\/\/jrsbelgium.org\/fr\/wp-json\/wp\/v2\/posts\/1794","targetHints":{"allow":["GET"]}}],"collection":[{"href":"https:\/\/jrsbelgium.org\/fr\/wp-json\/wp\/v2\/posts"}],"about":[{"href":"https:\/\/jrsbelgium.org\/fr\/wp-json\/wp\/v2\/types\/post"}],"author":[{"embeddable":true,"href":"https:\/\/jrsbelgium.org\/fr\/wp-json\/wp\/v2\/users\/3"}],"replies":[{"embeddable":true,"href":"https:\/\/jrsbelgium.org\/fr\/wp-json\/wp\/v2\/comments?post=1794"}],"version-history":[{"count":1,"href":"https:\/\/jrsbelgium.org\/fr\/wp-json\/wp\/v2\/posts\/1794\/revisions"}],"predecessor-version":[{"id":1795,"href":"https:\/\/jrsbelgium.org\/fr\/wp-json\/wp\/v2\/posts\/1794\/revisions\/1795"}],"wp:featuredmedia":[{"embeddable":true,"href":"https:\/\/jrsbelgium.org\/fr\/wp-json\/wp\/v2\/media\/1793"}],"wp:attachment":[{"href":"https:\/\/jrsbelgium.org\/fr\/wp-json\/wp\/v2\/media?parent=1794"}],"wp:term":[{"taxonomy":"category","embeddable":true,"href":"https:\/\/jrsbelgium.org\/fr\/wp-json\/wp\/v2\/categories?post=1794"},{"taxonomy":"post_tag","embeddable":true,"href":"https:\/\/jrsbelgium.org\/fr\/wp-json\/wp\/v2\/tags?post=1794"}],"curies":[{"name":"wp","href":"https:\/\/api.w.org\/{rel}","templated":true}]}}