{"id":1861,"date":"2026-02-03T10:59:43","date_gmt":"2026-02-03T09:59:43","guid":{"rendered":"https:\/\/jrsbelgium.org\/?p=1861"},"modified":"2026-02-03T11:10:33","modified_gmt":"2026-02-03T10:10:33","slug":"et-si-demain-la-police-entrait-chez-vous","status":"publish","type":"post","link":"https:\/\/jrsbelgium.org\/fr\/et-si-demain-la-police-entrait-chez-vous\/","title":{"rendered":"Et si demain la police entrait chez vous ?"},"content":{"rendered":"<p>Le gouvernement travaille actuellement \u00e0 un projet de loi instaurant un dispositif de \u00ab\u00a0visites domiciliaires\u00a0\u00bb. Derri\u00e8re ce terme, somme toute assez anodin, se cache une r\u00e9alit\u00e9 plus inqui\u00e9tante. Cette proc\u00e9dure permettrait \u00e0 la police \u2013 sur autorisation d\u2019un juge d\u2019instruction \u2013 d\u2019arr\u00eater une personne sans statut de s\u00e9jour chez elle afin de l\u2019emmener en centre de d\u00e9tention et de la renvoyer vers son pays d\u2019origine.<\/p>\n<p>Est ainsi remis sur la table un projet qui avait fait long feu en 2017, 2019 et 2023 suite \u00e0 une lev\u00e9e de boucliers de la soci\u00e9t\u00e9 civile et de la magistrature. Pour justifier cette nouvelle tentative, le gouvernement avance un argument s\u00e9curitaire. A la diff\u00e9rence des pr\u00e9c\u00e9dents projets de loi, celui-ci ne viserait que les personnes \u00ab\u00a0susceptibles de compromettre l\u2019ordre public ou la s\u00e9curit\u00e9 nationale.\u00a0\u00bb Le probl\u00e8me, outre la formulation hypoth\u00e9tique, est que ces termes ne sont d\u00e9finis nulle part et qu\u2019ils sont dans la pratique interpr\u00e9t\u00e9s de mani\u00e8re large. Le simple fait d\u2019\u00eatre sans papiers peut en fait d\u00e9j\u00e0 \u00eatre consid\u00e9r\u00e9 comme \u00e9tant un trouble \u00e0 l\u2019ordre public. Le projet pourrait ainsi viser \u00e9norm\u00e9ment de monde\u00a0: des \u00e9tudiants dont le visa a expir\u00e9, \u00e0 des travailleurs sans-papiers dans le b\u00e2timent ou l\u2019horeca en passant par des personnes qui s\u2019occupent d\u2019enfants ou de personnes \u00e2g\u00e9es.<\/p>\n<p>Dans un <a href=\"https:\/\/www.myria.be\/fr\/publications\/loi-sur-les-visites-domiciliaires-des-conditions-vagues-et-peu-de-garanties\">avis de quatorze pages<\/a>, le Centre f\u00e9d\u00e9ral Migration Myria a soulign\u00e9 que le projet de loi soul\u00e8ve \u00ab\u00a0de nombreuses inqui\u00e9tudes sur le plan du respect des droits fondamentaux.\u00a0\u00bb Myria questionne ainsi\u00a0:<\/p>\n<ul>\n<li style=\"list-style-type: none;\">\n<ul>\n<li><strong>-L\u2019utilit\u00e9 <\/strong>: si l\u2019objectif est r\u00e9ellement de cibler des personnes condamn\u00e9es pour des faits graves, un arsenal de mesures existe d\u00e9j\u00e0 pour les \u00e9loigner depuis les prisons\u00a0;<\/li>\n<li><strong>-L\u2019ampleur<\/strong>: la police pourrait p\u00e9n\u00e9trer dans tout logement o\u00f9 habite une personne \u00e9trang\u00e8re et le fouiller. Ceci inclus des logements o\u00f9 on accueille des migrants par solidarit\u00e9 mais aussi des colocations ou des kots\u00a0;<\/li>\n<li><strong>-Le manque de contr\u00f4le <\/strong>: le juge qui doit autoriser la visite domiciliaire n\u2019a qu\u2019un droit de regard limit\u00e9 sur la situation tandis qu\u2019il n\u2019y a pas de v\u00e9ritable moyen de les contester apr\u00e8s coup.<\/li>\n<\/ul>\n<\/li>\n<\/ul>\n<p>&nbsp;<\/p>\n<p>Le projet constitue un pas de plus vers la criminalisation de la migration et la banalisation de la d\u00e9tention des personnes migrantes. Alors que faire\u00a0?<\/p>\n<p><strong>Interpellez vos d\u00e9put\u00e9s ou les ministres<\/strong><\/p>\n<p>La loi n\u2019est pour l\u2019instant encore qu\u2019un projet sur lequel le gouvernement se penche avant de le soumettre au parlement. Il est donc encore temps de se mobiliser et de demander aux parlementaires ainsi qu\u2019aux membres du gouvernement de rejeter ce texte.<\/p>\n<p>Pour ce faire, le CIR\u00e9, qui a lanc\u00e9 une campagne contre le projet, a mis \u00e0 disposition <a href=\"https:\/\/www.cire.be\/ceci-nest-pas-une-fiction\/\">un mod\u00e8le de mail \u00e0 envoyer<\/a> ainsi qu\u2019une liste d\u2019adresses de parlementaires.<\/p>\n<p><strong>Agissez au niveau communal<\/strong><\/p>\n<p>Interpellez votre commune \u00e0 l\u2019aide de <a href=\"https:\/\/cloud.cncd.be\/s\/WJ6k2KRLM63LYjT?_gl=1*e5vbwq*_gcl_au*MTg2NjE3ODU4MS4xNzY3ODgyMjE2\">ce mod\u00e8le de lettre<\/a> afin qu\u2019une motion communale soit adopt\u00e9e contre le projet. Le conseil communal aura l\u2019obligation de r\u00e9pondre \u00e0 ce courrier et d\u2019inscrire le sujet \u00e0 l\u2019ordre du jour. Les motions communales sont syst\u00e9matiquement transmises au Pr\u00e9sident de la Chambre, aux chefs de groupes parlementaires et au Premier ministre. Elles b\u00e9n\u00e9ficient d\u2019une couverture m\u00e9diatique et contribuent \u00e0 alimenter le d\u00e9bat public.<\/p>\n<p>A ce jour, le projet de loi sur les visites domiciliaires a d\u00e9j\u00e0 fait l\u2019objet de motions de rejet dans les communes d\u2019Auderghem, Bruxelles, Evere, Forest, Ixelles, Jette, Li\u00e8ge, Saint-Gilles, Verviers et Watermael-Boitsfort.<\/p>\n","protected":false},"excerpt":{"rendered":"<p>Le gouvernement travaille actuellement \u00e0 un projet de loi instaurant un dispositif de \u00ab\u00a0visites domiciliaires\u00a0\u00bb. Derri\u00e8re ce terme, somme toute assez anodin, se cache une r\u00e9alit\u00e9 plus inqui\u00e9tante. Cette proc\u00e9dure permettrait \u00e0 la police \u2013 sur autorisation d\u2019un juge d\u2019instruction \u2013 d\u2019arr\u00eater une personne sans statut de s\u00e9jour chez elle afin de l\u2019emmener en centre [&hellip;]<\/p>\n","protected":false},"author":4,"featured_media":1847,"comment_status":"closed","ping_status":"closed","sticky":false,"template":"","format":"standard","meta":{"footnotes":""},"categories":[1],"tags":[],"class_list":["post-1861","post","type-post","status-publish","format-standard","has-post-thumbnail","hentry","category-non-classifiee"],"acf":[],"_links":{"self":[{"href":"https:\/\/jrsbelgium.org\/fr\/wp-json\/wp\/v2\/posts\/1861","targetHints":{"allow":["GET"]}}],"collection":[{"href":"https:\/\/jrsbelgium.org\/fr\/wp-json\/wp\/v2\/posts"}],"about":[{"href":"https:\/\/jrsbelgium.org\/fr\/wp-json\/wp\/v2\/types\/post"}],"author":[{"embeddable":true,"href":"https:\/\/jrsbelgium.org\/fr\/wp-json\/wp\/v2\/users\/4"}],"replies":[{"embeddable":true,"href":"https:\/\/jrsbelgium.org\/fr\/wp-json\/wp\/v2\/comments?post=1861"}],"version-history":[{"count":3,"href":"https:\/\/jrsbelgium.org\/fr\/wp-json\/wp\/v2\/posts\/1861\/revisions"}],"predecessor-version":[{"id":1863,"href":"https:\/\/jrsbelgium.org\/fr\/wp-json\/wp\/v2\/posts\/1861\/revisions\/1863"}],"wp:featuredmedia":[{"embeddable":true,"href":"https:\/\/jrsbelgium.org\/fr\/wp-json\/wp\/v2\/media\/1847"}],"wp:attachment":[{"href":"https:\/\/jrsbelgium.org\/fr\/wp-json\/wp\/v2\/media?parent=1861"}],"wp:term":[{"taxonomy":"category","embeddable":true,"href":"https:\/\/jrsbelgium.org\/fr\/wp-json\/wp\/v2\/categories?post=1861"},{"taxonomy":"post_tag","embeddable":true,"href":"https:\/\/jrsbelgium.org\/fr\/wp-json\/wp\/v2\/tags?post=1861"}],"curies":[{"name":"wp","href":"https:\/\/api.w.org\/{rel}","templated":true}]}}