{"id":1871,"date":"2026-03-16T15:32:00","date_gmt":"2026-03-16T14:32:00","guid":{"rendered":"https:\/\/jrsbelgium.org\/?p=1871"},"modified":"2026-03-16T15:34:42","modified_gmt":"2026-03-16T14:34:42","slug":"cycle-de-conferences-politiques-migratoires-en-question","status":"publish","type":"post","link":"https:\/\/jrsbelgium.org\/fr\/cycle-de-conferences-politiques-migratoires-en-question\/","title":{"rendered":"Cycle de conf\u00e9rences : Politiques migratoires en question"},"content":{"rendered":"<p>Le JRS Belgium, en partenariat avec Centre Avec et Le Nomade vous invite \u00e0 un cycle de conf\u00e9rences participatives pour d\u00e9crypter les politiques migratoires belges et europ\u00e9ennes, interroger leur orientation et le message v\u00e9hicul\u00e9, tout en mettant en lumi\u00e8re des pistes de r\u00e9sistance et en explorant la possibilit\u00e9 de politiques qui soient justes pour toutes et tous.<\/p>\n<p><a href=\"https:\/\/jrsbelgium.org\/fr\/cycle-de-conferences-politiques-migratoires-en-question\/centre_avec_affichemigration2026\/\" rel=\"attachment wp-att-1874\"><img loading=\"lazy\" decoding=\"async\" class=\"aligncenter wp-image-1874\" src=\"https:\/\/jrsbelgium.org\/wp-content\/uploads\/2026\/03\/Centre_Avec_affichemigration2026.jpg\" alt=\"\" width=\"562\" height=\"795\" srcset=\"https:\/\/jrsbelgium.org\/wp-content\/uploads\/2026\/03\/Centre_Avec_affichemigration2026.jpg 1000w, https:\/\/jrsbelgium.org\/wp-content\/uploads\/2026\/03\/Centre_Avec_affichemigration2026-212x300.jpg 212w, https:\/\/jrsbelgium.org\/wp-content\/uploads\/2026\/03\/Centre_Avec_affichemigration2026-724x1024.jpg 724w, https:\/\/jrsbelgium.org\/wp-content\/uploads\/2026\/03\/Centre_Avec_affichemigration2026-768x1086.jpg 768w\" sizes=\"auto, (max-width: 562px) 100vw, 562px\" \/><\/a><\/p>\n<p>Depuis quelques ann\u00e9es, on assiste \u00e0 un durcissement des politiques migratoires. En 2024, l\u2019Union europ\u00e9enne a adopt\u00e9 un \u00ab\u00a0nouveau\u00a0\u00bb pacte europ\u00e9en sur l\u2019asile et la migration, dont l\u2019objectif semble avant tout de rendre plus difficile l\u2019acc\u00e8s des migrants \u00e0 son territoire par des mesures telles que la cr\u00e9ation de camps aux fronti\u00e8res, le durcissement des proc\u00e9dures d\u2019asile ou encore l\u2019intensification de la d\u00e9tention et des expulsions. En Belgique, le gouvernement Arizona veut quant \u00e0 lui mener la politique la plus ferme et la plus r\u00e9pulsive possible pour les migrants, quitte \u00e0 pi\u00e9tiner l\u2019\u00c9tat de droit. Bref, l\u2019hospitalit\u00e9 est une vertu qui n\u2019a plus cours dans le discours politique et m\u00e9diatique.<\/p>\n<p>Ce cycle de conf\u00e9rences participatives a pour objet de proposer une lecture critique des politiques migratoires actuelles. Il s\u2019agira de comprendre ce qui est en jeu et les risques que courent les droits humains dans les mesures envisag\u00e9es ou d\u00e9j\u00e0 mises en \u0153uvre. Nous nous interrogerons \u00e9galement sur le message v\u00e9hicul\u00e9 par ces politiques et comment renverser le narratif dominant. Mais ce cycle se veut aussi porteur d\u2019esp\u00e9rance, en mettant en lumi\u00e8re des pistes de r\u00e9sistance et en explorant la possibilit\u00e9 de politiques qui soient justes pour toutes et tous\u00a0: les personnes exil\u00e9es, leurs pays d\u2019origine et les communaut\u00e9s des pays d\u2019accueil.<\/p>\n<h3 class=\"wp-block-heading\"><strong><u>Un cycle de 4 soir\u00e9es\u00a0:<\/u><\/strong><\/h3>\n<ul>\n<li><strong>1. L\u2019Union europ\u00e9enne en guerre contre les migrants ?<\/strong>\u00a0(Mercredi 25 mars)<br \/>\nAvec les interventions de : C\u00e9cile Vanderstappen (charg\u00e9e de recherche sur la justice migratoire au CNCD-11.11.11) et Nicolas W\u00e9ry (charg\u00e9 de plaidoyer au JRS Belgium)<\/li>\n<li><strong>2. Arizona : vers une (extr\u00eame) droitisation des politiques migratoires ?<\/strong>\u00a0(Mercredi 8 avril)<\/li>\n<li><strong>3. Quelles r\u00e9sistances aux politiques migratoires injustes ?<\/strong> (Mercredi 6 mai)<\/li>\n<li><strong>4. Des politiques migratoires justes sont-elles possibles ?<\/strong>\u00a0(Mercredi 10 juin)<\/li>\n<\/ul>\n<p>&nbsp;<\/p>\n<h3 class=\"wp-block-heading\"><strong><u>Informations pratiques\u00a0:<\/u><\/strong><\/h3>\n<ul class=\"wp-block-list liste\">\n<li><strong>Quand\u00a0?\u00a0<\/strong>Les mercredis 25 mars, 8 avril, 6 mai et 10 juin 2026 \u00e0 20h (ouverture du bar d\u00e8s 18h30)<\/li>\n<li><strong>O\u00f9\u00a0?\u00a0<\/strong>Le Nomade (chauss\u00e9e de Wavre 203, 1050 Ixelles)<\/li>\n<li><strong>PAF\u00a0libre<\/strong><\/li>\n<li><strong>Infos &amp; inscription (souhait\u00e9e) :\u00a0<\/strong>info@centreavec.be<\/li>\n<li><strong>Organisateurs\u00a0:<\/strong> Le Centre Avec, en partenariat avec JRS Belgium et Le Nomade<\/li>\n<\/ul>\n","protected":false},"excerpt":{"rendered":"<p>Le JRS Belgium, en partenariat avec Centre Avec et Le Nomade vous invite \u00e0 un cycle de conf\u00e9rences participatives pour d\u00e9crypter les politiques migratoires belges et europ\u00e9ennes, interroger leur orientation et le message v\u00e9hicul\u00e9, tout en mettant en lumi\u00e8re des pistes de r\u00e9sistance et en explorant la possibilit\u00e9 de politiques qui soient justes pour toutes [&hellip;]<\/p>\n","protected":false},"author":4,"featured_media":0,"comment_status":"closed","ping_status":"closed","sticky":false,"template":"","format":"standard","meta":{"footnotes":""},"categories":[1],"tags":[],"class_list":["post-1871","post","type-post","status-publish","format-standard","hentry","category-non-classifiee"],"acf":[],"_links":{"self":[{"href":"https:\/\/jrsbelgium.org\/fr\/wp-json\/wp\/v2\/posts\/1871","targetHints":{"allow":["GET"]}}],"collection":[{"href":"https:\/\/jrsbelgium.org\/fr\/wp-json\/wp\/v2\/posts"}],"about":[{"href":"https:\/\/jrsbelgium.org\/fr\/wp-json\/wp\/v2\/types\/post"}],"author":[{"embeddable":true,"href":"https:\/\/jrsbelgium.org\/fr\/wp-json\/wp\/v2\/users\/4"}],"replies":[{"embeddable":true,"href":"https:\/\/jrsbelgium.org\/fr\/wp-json\/wp\/v2\/comments?post=1871"}],"version-history":[{"count":9,"href":"https:\/\/jrsbelgium.org\/fr\/wp-json\/wp\/v2\/posts\/1871\/revisions"}],"predecessor-version":[{"id":1885,"href":"https:\/\/jrsbelgium.org\/fr\/wp-json\/wp\/v2\/posts\/1871\/revisions\/1885"}],"wp:attachment":[{"href":"https:\/\/jrsbelgium.org\/fr\/wp-json\/wp\/v2\/media?parent=1871"}],"wp:term":[{"taxonomy":"category","embeddable":true,"href":"https:\/\/jrsbelgium.org\/fr\/wp-json\/wp\/v2\/categories?post=1871"},{"taxonomy":"post_tag","embeddable":true,"href":"https:\/\/jrsbelgium.org\/fr\/wp-json\/wp\/v2\/tags?post=1871"}],"curies":[{"name":"wp","href":"https:\/\/api.w.org\/{rel}","templated":true}]}}