{"id":1974,"date":"2026-05-15T11:21:40","date_gmt":"2026-05-15T09:21:40","guid":{"rendered":"https:\/\/jrsbelgium.org\/?p=1974"},"modified":"2026-06-15T11:25:43","modified_gmt":"2026-06-15T09:25:43","slug":"1974","status":"publish","type":"post","link":"https:\/\/jrsbelgium.org\/fr\/1974\/","title":{"rendered":"Coalition Move : 5 ans de lutte contre la d\u00e9tention administrative"},"content":{"rendered":"<p>Fond\u00e9e en 2021, la Coalition Move est n\u00e9e de la volont\u00e9 de formaliser un travail commun qui existait d\u00e9j\u00e0, de mani\u00e8re informelle, au sein du groupe Transit. Les quatre organisations fondatrices &#8211; le JRS Belgique, Vluchtelingenwerk Vlaanderen, Cir\u00e9 et Caritas International Belgique &#8211; ont uni leurs forces pour cr\u00e9er une coalition unique en Belgique : nationale\u00a0 et bilingue, enti\u00e8rement d\u00e9di\u00e9e \u00e0 la lutte contre la d\u00e9tention administrative des personnes migrantes.<\/p>\n<p>D\u00e8s ses d\u00e9buts, Move a pu compter sur le soutien d&rsquo;un comit\u00e9 consultatif rassemblant des acteurs majeurs du secteur, qui ont contribu\u00e9 \u00e0 fa\u00e7onner le projet, ainsi que sur un financement priv\u00e9 ayant permis de poser les premi\u00e8res pierres. La premi\u00e8re \u00e9quipe \u2014 coordinatrice, charg\u00e9e de communication et juriste \u2014 a b\u00e2ti les fondations solides sur lesquelles repose aujourd&rsquo;hui la r\u00e9putation de Move : un travail juridique et de plaidoyer reconnu pour sa rigueur et sa qualit\u00e9.<\/p>\n<p>Il y a deux ans et demi, un nouveau cycle s&rsquo;est ouvert. La coordination a chang\u00e9 de mains, suivie progressivement par le reste de l&rsquo;\u00e9quipe. Cette transition, loin d&rsquo;affaiblir le projet, l&rsquo;a consolid\u00e9. Une nouvelle g\u00e9n\u00e9ration s&rsquo;est appropri\u00e9 l&rsquo;h\u00e9ritage et continue \u00e0 le faire grandir.<\/p>\n<p>Ce renouveau co\u00efncide avec une \u00e9tape d\u00e9cisive : l&rsquo;obtention d&rsquo;un financement europ\u00e9en CERV, qui donne \u00e0 Move les moyens d&rsquo;aller plus loin. Renforcer le p\u00f4le juridique et de visite, s&rsquo;affirmer encore davantage comme la r\u00e9f\u00e9rence en mati\u00e8re de d\u00e9tention administrative en Belgique \u2014 tels sont les objectifs qui guident l&rsquo;\u00e9quipe aujourd&rsquo;hui.<\/p>\n<p>L&rsquo;avenir, c&rsquo;est aussi un comit\u00e9 consultatif \u00e9largi, int\u00e9grant progressivement des partenaires acad\u00e9miques et de nouveaux alli\u00e9s, pour ancrer Move encore plus profond\u00e9ment dans le paysage de la d\u00e9fense des droits.<\/p>\n<p>Cinq ans. Une coalition. Un combat qui ne s&rsquo;arr\u00eate pas.<\/p>\n<p>&nbsp;<\/p>\n","protected":false},"excerpt":{"rendered":"<p>Fond\u00e9e en 2021, la Coalition Move est n\u00e9e de la volont\u00e9 de formaliser un travail commun qui existait d\u00e9j\u00e0, de mani\u00e8re informelle, au sein du groupe Transit. Les quatre organisations fondatrices &#8211; le JRS Belgique, Vluchtelingenwerk Vlaanderen, Cir\u00e9 et Caritas International Belgique &#8211; ont uni leurs forces pour cr\u00e9er une coalition unique en Belgique : [&hellip;]<\/p>\n","protected":false},"author":4,"featured_media":1975,"comment_status":"closed","ping_status":"closed","sticky":false,"template":"","format":"standard","meta":{"footnotes":""},"categories":[1],"tags":[],"class_list":["post-1974","post","type-post","status-publish","format-standard","has-post-thumbnail","hentry","category-non-classifiee"],"acf":[],"_links":{"self":[{"href":"https:\/\/jrsbelgium.org\/fr\/wp-json\/wp\/v2\/posts\/1974","targetHints":{"allow":["GET"]}}],"collection":[{"href":"https:\/\/jrsbelgium.org\/fr\/wp-json\/wp\/v2\/posts"}],"about":[{"href":"https:\/\/jrsbelgium.org\/fr\/wp-json\/wp\/v2\/types\/post"}],"author":[{"embeddable":true,"href":"https:\/\/jrsbelgium.org\/fr\/wp-json\/wp\/v2\/users\/4"}],"replies":[{"embeddable":true,"href":"https:\/\/jrsbelgium.org\/fr\/wp-json\/wp\/v2\/comments?post=1974"}],"version-history":[{"count":6,"href":"https:\/\/jrsbelgium.org\/fr\/wp-json\/wp\/v2\/posts\/1974\/revisions"}],"predecessor-version":[{"id":1986,"href":"https:\/\/jrsbelgium.org\/fr\/wp-json\/wp\/v2\/posts\/1974\/revisions\/1986"}],"wp:featuredmedia":[{"embeddable":true,"href":"https:\/\/jrsbelgium.org\/fr\/wp-json\/wp\/v2\/media\/1975"}],"wp:attachment":[{"href":"https:\/\/jrsbelgium.org\/fr\/wp-json\/wp\/v2\/media?parent=1974"}],"wp:term":[{"taxonomy":"category","embeddable":true,"href":"https:\/\/jrsbelgium.org\/fr\/wp-json\/wp\/v2\/categories?post=1974"},{"taxonomy":"post_tag","embeddable":true,"href":"https:\/\/jrsbelgium.org\/fr\/wp-json\/wp\/v2\/tags?post=1974"}],"curies":[{"name":"wp","href":"https:\/\/api.w.org\/{rel}","templated":true}]}}