{"id":967,"date":"2024-05-13T15:12:06","date_gmt":"2024-05-13T14:12:06","guid":{"rendered":"https:\/\/jrsbelgium.org\/\/?p=967"},"modified":"2024-11-06T11:31:13","modified_gmt":"2024-11-06T11:31:13","slug":"nos-recommandations-pour-les-elections-federales-2024","status":"publish","type":"post","link":"https:\/\/jrsbelgium.org\/fr\/nos-recommandations-pour-les-elections-federales-2024\/","title":{"rendered":"Nos recommandations pour les \u00e9lections f\u00e9d\u00e9rales 2024"},"content":{"rendered":"<p>Le 9 juin prochain, nous nous rendons aux urnes afin d\u2019\u00e9lir un nouveau parlement. La migration est un sujet qui nous touche tous et qui reviendra certainement en t\u00eate de l\u2019agenda politique.<\/p>\n<p>Depuis 21 ans, le JRS Belgium est sur le terrain. Nous visitons chaque semaine les centres de d\u00e9tention administrative pour migrants. S\u2019appuyant sur notre expertise, nous pr\u00e9sentons plusieurs recommandations cl\u00e9s.<\/p>\n<p>Chaque ann\u00e9e, la Belgique enferme de 6000 \u00e0 8500 personnes afin de les renvoyer vers leur pays d\u2019origine ou de transit. C\u2019est personnes sont d\u00e9tenues sans condamnation ou date de fin. C\u2019est parce que nous constatons semaine apr\u00e8s semaine que la d\u00e9tention abime et est inhumaine que nous plaidons pour un changement de paradigme. La d\u00e9tention administrative doit devenir une ultime exception. Les centres sont de plus co\u00fbteux et ne m\u00e8nent pas \u00e0 des solutions durables. Une personne d\u00e9tenue co\u00fbte \u20ac237 par jour au contribuable et la majorit\u00e9 des personnes \u00e9loign\u00e9es le sont vers un pays europ\u00e9en ou un pays dont les ressortissants n\u2019ont pas besoin de visa pour revenir en Belgique.<\/p>\n<p>Le changement de paradigme pour lequel nous plaidons ne peut, de mani\u00e8re r\u00e9aliste, pas avoir lieu du jour au lendemain. Pendant cette l\u00e9gislature, le gouvernement a confirm\u00e9 le plan d\u2019extension des centres de d\u00e9tention. En m\u00eame temps, des projets pilotes d\u2019h\u00e9bergement et d\u2019orientation de personnes sans-papiers ont \u00e9t\u00e9 lanc\u00e9s par les villes de Gand et Anvers, un accord (incomplet) de ne plus d\u00e9tenir les enfants a \u00e9t\u00e9 trouv\u00e9 et certaines cat\u00e9gories de personnes in\u00e9loignables auront acc\u00e8s \u00e0 un titre de s\u00e9jour, ce qui pr\u00e9viendra leur d\u00e9tention. Le d\u00e9veloppement d\u2019alternatives d\u2019une part et la soustraction de certains groupes de personnes \u00e0 la d\u00e9tention de l\u2019autre, voil\u00e0 selon nous le chemin \u00e0 prendre pour concr\u00e9tiser ce changement.<\/p>\n<p>C\u2019est dans cette lign\u00e9e que s\u2019inscrivent nos recommandations qui sont \u00e0 retrouver dans ce document\u00a0: <a href=\"https:\/\/jrsbelgium.org\/fr\/nos-recommandations-pour-les-elections-federales-2024\/memo-elections\/\" rel=\"attachment wp-att-968\">Memo Elections<\/a><\/p>\n<p>&nbsp;<\/p>\n","protected":false},"excerpt":{"rendered":"<p>Le 9 juin prochain, nous nous rendons aux urnes afin d\u2019\u00e9lir un nouveau parlement. La migration est un sujet qui nous touche tous et qui reviendra certainement en t\u00eate de l\u2019agenda politique. Depuis 21 ans, le JRS Belgium est sur le terrain. Nous visitons chaque semaine les centres de d\u00e9tention administrative pour migrants. S\u2019appuyant sur [&hellip;]<\/p>\n","protected":false},"author":4,"featured_media":1224,"comment_status":"closed","ping_status":"closed","sticky":false,"template":"","format":"standard","meta":{"footnotes":""},"categories":[],"tags":[],"class_list":["post-967","post","type-post","status-publish","format-standard","has-post-thumbnail","hentry"],"acf":[],"_links":{"self":[{"href":"https:\/\/jrsbelgium.org\/fr\/wp-json\/wp\/v2\/posts\/967","targetHints":{"allow":["GET"]}}],"collection":[{"href":"https:\/\/jrsbelgium.org\/fr\/wp-json\/wp\/v2\/posts"}],"about":[{"href":"https:\/\/jrsbelgium.org\/fr\/wp-json\/wp\/v2\/types\/post"}],"author":[{"embeddable":true,"href":"https:\/\/jrsbelgium.org\/fr\/wp-json\/wp\/v2\/users\/4"}],"replies":[{"embeddable":true,"href":"https:\/\/jrsbelgium.org\/fr\/wp-json\/wp\/v2\/comments?post=967"}],"version-history":[{"count":0,"href":"https:\/\/jrsbelgium.org\/fr\/wp-json\/wp\/v2\/posts\/967\/revisions"}],"wp:featuredmedia":[{"embeddable":true,"href":"https:\/\/jrsbelgium.org\/fr\/wp-json\/wp\/v2\/media\/1224"}],"wp:attachment":[{"href":"https:\/\/jrsbelgium.org\/fr\/wp-json\/wp\/v2\/media?parent=967"}],"wp:term":[{"taxonomy":"category","embeddable":true,"href":"https:\/\/jrsbelgium.org\/fr\/wp-json\/wp\/v2\/categories?post=967"},{"taxonomy":"post_tag","embeddable":true,"href":"https:\/\/jrsbelgium.org\/fr\/wp-json\/wp\/v2\/tags?post=967"}],"curies":[{"name":"wp","href":"https:\/\/api.w.org\/{rel}","templated":true}]}}