{"id":991,"date":"2024-03-02T15:25:25","date_gmt":"2024-03-02T15:25:25","guid":{"rendered":"https:\/\/jrsbelgium.org\/\/?p=991"},"modified":"2024-12-09T14:25:30","modified_gmt":"2024-12-09T13:25:30","slug":"focus-5-familles-ukrainiennes-separees-a-la-frontiere","status":"publish","type":"post","link":"https:\/\/jrsbelgium.org\/fr\/focus-5-familles-ukrainiennes-separees-a-la-frontiere\/","title":{"rendered":"Focus #5 : Familles ukrainiennes s\u00e9par\u00e9es \u00e0 la fronti\u00e8re"},"content":{"rendered":"<p><em>Par le biais des t\u00e9moignages de personnes rencontr\u00e9es en d\u00e9tention, la s\u00e9rie Focus vise \u00e0 mettre en lumi\u00e8re diff\u00e9rentes probl\u00e9matiques li\u00e9es \u00e0 l\u2019enfermement. Nous y contextualisons celles-ci et mettons en avant des pistes de solution. Faire ressortir la voix de ces personnes, c\u2019est lutter contre leur invisibilisation et une tentative de faire exister leur situation. C\u2019est un moyen de d\u00e9noncer le syst\u00e8me de la d\u00e9tention administrative et de plaider pour la mise en \u0153uvre d\u2019alternatives.<\/em><\/p>\n<p>Cette cinqui\u00e8me Fiche revient sur la situation de familles fuyant le conflit en Ukraine. Lorsqu\u2019un des membres de la famille, souvent un parent ou partenaire, n\u2019a pas la nationalit\u00e9 ukrainienne, il ne sera pas autoris\u00e9 \u00e0 passer la fronti\u00e8re et sera d\u00e9tenu afin d\u2019\u00eatre \u00e9loign\u00e9.<\/p>\n<p>D\u00e9couvrez le t\u00e9moignage de Majd, venu rejoindre sa femme et ses enfants ukrainiens en Belgique, mais d\u00e9tenu \u00e0 Caricole pendant plusieurs mois.<\/p>\n<p><a href=\"https:\/\/jrsbelgium.org\/fr\/focus-5-familles-ukrainiennes-separees-a-la-frontiere\/fiche_ukrainiens_1__page-0001\/\" rel=\"attachment wp-att-992\"><img loading=\"lazy\" decoding=\"async\" class=\"aligncenter size-full wp-image-992\" src=\"https:\/\/jrsbelgium.org\/\/wp-content\/uploads\/2024\/09\/fiche_ukrainiens_1__page-0001.jpg\" alt=\"\" width=\"1241\" height=\"1755\" srcset=\"https:\/\/jrsbelgium.org\/wp-content\/uploads\/2024\/09\/fiche_ukrainiens_1__page-0001.jpg 1241w, https:\/\/jrsbelgium.org\/wp-content\/uploads\/2024\/09\/fiche_ukrainiens_1__page-0001-212x300.jpg 212w, https:\/\/jrsbelgium.org\/wp-content\/uploads\/2024\/09\/fiche_ukrainiens_1__page-0001-724x1024.jpg 724w, https:\/\/jrsbelgium.org\/wp-content\/uploads\/2024\/09\/fiche_ukrainiens_1__page-0001-768x1086.jpg 768w, https:\/\/jrsbelgium.org\/wp-content\/uploads\/2024\/09\/fiche_ukrainiens_1__page-0001-1086x1536.jpg 1086w\" sizes=\"auto, (max-width: 1241px) 100vw, 1241px\" \/><\/a><\/p>\n","protected":false},"excerpt":{"rendered":"<p>Par le biais des t\u00e9moignages de personnes rencontr\u00e9es en d\u00e9tention, la s\u00e9rie Focus vise \u00e0 mettre en lumi\u00e8re diff\u00e9rentes probl\u00e9matiques li\u00e9es \u00e0 l\u2019enfermement. Nous y contextualisons celles-ci et mettons en avant des pistes de solution. Faire ressortir la voix de ces personnes, c\u2019est lutter contre leur invisibilisation et une tentative de faire exister leur situation. [&hellip;]<\/p>\n","protected":false},"author":4,"featured_media":862,"comment_status":"closed","ping_status":"closed","sticky":false,"template":"","format":"standard","meta":{"footnotes":""},"categories":[1],"tags":[],"class_list":["post-991","post","type-post","status-publish","format-standard","has-post-thumbnail","hentry","category-non-classifiee"],"acf":[],"_links":{"self":[{"href":"https:\/\/jrsbelgium.org\/fr\/wp-json\/wp\/v2\/posts\/991","targetHints":{"allow":["GET"]}}],"collection":[{"href":"https:\/\/jrsbelgium.org\/fr\/wp-json\/wp\/v2\/posts"}],"about":[{"href":"https:\/\/jrsbelgium.org\/fr\/wp-json\/wp\/v2\/types\/post"}],"author":[{"embeddable":true,"href":"https:\/\/jrsbelgium.org\/fr\/wp-json\/wp\/v2\/users\/4"}],"replies":[{"embeddable":true,"href":"https:\/\/jrsbelgium.org\/fr\/wp-json\/wp\/v2\/comments?post=991"}],"version-history":[{"count":1,"href":"https:\/\/jrsbelgium.org\/fr\/wp-json\/wp\/v2\/posts\/991\/revisions"}],"predecessor-version":[{"id":1426,"href":"https:\/\/jrsbelgium.org\/fr\/wp-json\/wp\/v2\/posts\/991\/revisions\/1426"}],"wp:featuredmedia":[{"embeddable":true,"href":"https:\/\/jrsbelgium.org\/fr\/wp-json\/wp\/v2\/media\/862"}],"wp:attachment":[{"href":"https:\/\/jrsbelgium.org\/fr\/wp-json\/wp\/v2\/media?parent=991"}],"wp:term":[{"taxonomy":"category","embeddable":true,"href":"https:\/\/jrsbelgium.org\/fr\/wp-json\/wp\/v2\/categories?post=991"},{"taxonomy":"post_tag","embeddable":true,"href":"https:\/\/jrsbelgium.org\/fr\/wp-json\/wp\/v2\/tags?post=991"}],"curies":[{"name":"wp","href":"https:\/\/api.w.org\/{rel}","templated":true}]}}