{"id":1090,"date":"2024-10-11T15:04:44","date_gmt":"2024-10-11T14:04:44","guid":{"rendered":"https:\/\/jrsbelgium.org\/\/?post_type=story&#038;p=1090"},"modified":"2024-10-11T15:04:44","modified_gmt":"2024-10-11T14:04:44","slug":"temoin-pour-change-lhistoire-de-abdulkader","status":"publish","type":"story","link":"https:\/\/jrsbelgium.org\/fr\/story\/temoin-pour-change-lhistoire-de-abdulkader\/","title":{"rendered":"T\u00e9moin pour Change: l&rsquo;histoire de Abdulkader"},"content":{"rendered":"<p>En arrivant \u00e0 Louvain, nous retrouvons Abdulkader qui nous guide vers un caf\u00e9 encore tr\u00e8s calme en ce milieu de matin\u00e9e. En troisi\u00e8me ann\u00e9e d\u2019\u00e9tudes de kin\u00e9 \u00e0 la KUL, c\u2019est un jeune homme tr\u00e8s \u00e9nergique qui a beaucoup \u00e0 raconter.<\/p>\n<p>Abdulkader est t\u00e9moin au sein du programme Change depuis 2020. Ce programme a pour but d\u2019aller parler de migration dans les \u00e9coles pour casser les pr\u00e9jug\u00e9s et \u00e9veiller l\u2019esprit critique des \u00e9l\u00e8ves. A l\u2019une des \u00e9tapes du programme Change, chaque classe rencontre une personne qui a un parcours de migration et qui vient raconter son histoire et \u00e9changer avec les \u00e9l\u00e8ves.<\/p>\n<p>Fort de son exp\u00e9rience de quelques ann\u00e9es avec JRS et de son envie de partager et d\u2019\u00e9veiller les consciences, Abdulkader t\u00e9moigne \u00e0 travers une pr\u00e9sentation tr\u00e8s document\u00e9e et interactive qu\u2019il fait constamment \u00e9voluer. \u00ab\u00a0Je ne veux pas juste parler de ma propre histoire, mais aussi t\u00e9moigner de tous ceux qui sont encore sur les routes, aux fronti\u00e8res de l\u2019Europe ou ailleurs.\u00a0\u00bb<\/p>\n<p>Abdulkader nous en dit un peu plus sur son parcours\u00a0: \u2018Je suis n\u00e9 et j\u2019ai grandi \u00e0 Alep, en Syrie. C\u2019est une ville aux rues agr\u00e9ables. Je viens d\u2019une soci\u00e9t\u00e9 o\u00f9 la famille est tr\u00e8s importante et se soutient beaucoup. J\u2019aimais faire du v\u00e9lo et je jouais dans une \u00e9quipe de foot. J\u2019ai choisi quitter mon pays suite \u00e0 des blessures caus\u00e9es par l\u2019explosion d\u2019une bombe. J\u2019\u00e9tais alors l\u2019un des meilleurs \u00e9l\u00e8ves de troisi\u00e8me secondaire et j\u2019avais la possibilit\u00e9 d\u2019aller dans une \u00e9cole tr\u00e8s s\u00e9lective. Je suis parti, seul, pour Idlib, au nord de la Syrie. J\u2019ai pass\u00e9 la fronti\u00e8re turque, j\u2019ai retrouv\u00e9 mon fr\u00e8re, sa femme et ses quatre enfants en Turquie et nous avons pris le bateau ensemble \u00e0 Izmir pour la Gr\u00e8ce. Mon fr\u00e8re avait deux jumeaux de quatre mois sur lesquels je veillais. Le bateau est tomb\u00e9 en panne au milieu de la mer. Par chance, nous avons \u00e9t\u00e9 secourus par des garde-c\u00f4tes qui nous ont emmen\u00e9s \u00e0 Lesbos. De l\u00e0, j\u2019ai gagn\u00e9 Thessalonique et j\u2019ai pris l\u2019avion. Je suis arriv\u00e9 seul en Belgique en octobre 2015. J\u2019avais 14 ans. J\u2019ai pu obtenir une protection internationale et j\u2019ai \u00e9t\u00e9 h\u00e9berg\u00e9 \u00e0 Genk dans le Limbourg, o\u00f9 j\u2019ai appris le n\u00e9erlandais. J\u2019ai d\u00fb beaucoup me d\u00e9brouiller seul. J\u2019ai pu faire venir mes parents et mes s\u0153urs par regroupement familial.\u2019<\/p>\n<p>\u00c0 propos de son exp\u00e9rience avec Change, il raconte\u00a0: \u2018J\u2019ai fait connaissance avec le programme Change \u00e0 travers un autre programme, 50 Humans. Gr\u00e2ce \u00e0 Change, je peux donner ma propre explication sur mon choix de migrer et contribuer \u00e0 d\u00e9criminaliser les migrants. Je ressens mon volontariat pour Change comme une mission\u00a0: celle de parler de la situation des migrants et des r\u00e9fugi\u00e9s et d\u2019encourager les \u00e9l\u00e8ves et les professeurs que je rencontre \u00e0 agir pour les soutenir. Si je peux toucher quelques personnes lors de mes t\u00e9moignages, qui \u00e0 leur tour convainquent des personnes de leur entourage d\u2019agir, cela peut faire boule-de-neige et ainsi contribuer petit \u00e0 petit \u00e0 am\u00e9liorer la situation des migrants en Belgique. Ainsi, j\u2019ai l\u2019impression d\u2019avoir fait quelque chose d\u2019utile.\u2019<\/p>\n<p>\u2018Au mois d\u2019ao\u00fbt, j\u2019ai profit\u00e9 de mes vacances pour retourner \u00e0 Thessalonique et \u00e0 Rhodes, en Gr\u00e8ce. Je souhaitais aller voir sur place quelle \u00e9tait la condition des migrants et \u00e9changer avec eux. On ne se rend pas compte de ce que les migrants ont v\u00e9cu et on attend d\u2019eux qu\u2019ils apprennent la langue et s\u2019int\u00e8grent d\u00e8s leur arriv\u00e9e alors qu\u2019ils ont besoin de dig\u00e9rer leur exp\u00e9rience et de faire le deuil des personnes et des choses qu\u2019ils ont perdues. En pratique, il existe tr\u00e8s peu de soutien psychologique pour les r\u00e9fugi\u00e9s alors qu\u2019ils ont connu des traumatismes importants pendant leur parcours migratoire.\u2019<\/p>\n<p>Au cours de notre discussion, nous apprenons qu\u2019Abdulkader n\u2019est pas seulement actif au sein de projets en lien avec la migration, mais \u00e9galement impliqu\u00e9 dans des projets sportifs \u00e0 l\u2019universit\u00e9\u00a0: il se pr\u00e9pare pour une course de 24h organis\u00e9 par les \u00e9tudiants, et il est ambassadeur d\u2019\u00e9tudiants pour la facult\u00e9 de kin\u00e9 de la KUL.<\/p>\n<p>Abdulkader nous donne l\u2019impression d\u2019aimer les d\u00e9fis. \u00ab\u00a0Bien s\u00fbr, r\u00e9pond-il. Sans cela, je ne serais pas vivant.\u00a0Ma devise, c\u2019est de ne jamais abandonner. J\u2019essaie de m\u2019encourager \u00e0 aller plus loin dans ce que je fais\u00a0; je veux prouver que tout est possible, qu\u2019il y a beaucoup de force en chacun de nous. La vie m\u2019a appris que la lumi\u00e8re jaillit des profondeurs.\u2019 Le jeune homme \u00e9voque trois personnalit\u00e9s qui l\u2019inspirent particuli\u00e8rement\u00a0: un auteur palestino-saoudien, Ahmad Al Shugairi, et le footballeur Zlatan Ibrahimovic.<\/p>\n<p>\u2018Rester en Syrie \u00e9tait pour moi synonyme de mort int\u00e9rieure sur le long terme. Mais, si c\u2019est possible, j\u2019aimerais retourner dans mon pays pour le reconstruire en donnant par exemple des formations de kin\u00e9sith\u00e9rapie.\u2019<\/p>\n","protected":false},"excerpt":{"rendered":"<p>En arrivant \u00e0 Louvain, nous retrouvons Abdulkader qui nous guide vers un caf\u00e9 encore tr\u00e8s calme en ce milieu de matin\u00e9e. En troisi\u00e8me ann\u00e9e d\u2019\u00e9tudes de kin\u00e9 \u00e0 la KUL, c\u2019est un jeune homme tr\u00e8s \u00e9nergique qui a beaucoup \u00e0 raconter. Abdulkader est t\u00e9moin au sein du programme Change depuis 2020. Ce programme a pour [&hellip;]<\/p>\n","protected":false},"featured_media":1080,"template":"","class_list":["post-1090","story","type-story","status-publish","has-post-thumbnail","hentry"],"acf":[],"_links":{"self":[{"href":"https:\/\/jrsbelgium.org\/fr\/wp-json\/wp\/v2\/story\/1090","targetHints":{"allow":["GET"]}}],"collection":[{"href":"https:\/\/jrsbelgium.org\/fr\/wp-json\/wp\/v2\/story"}],"about":[{"href":"https:\/\/jrsbelgium.org\/fr\/wp-json\/wp\/v2\/types\/story"}],"wp:featuredmedia":[{"embeddable":true,"href":"https:\/\/jrsbelgium.org\/fr\/wp-json\/wp\/v2\/media\/1080"}],"wp:attachment":[{"href":"https:\/\/jrsbelgium.org\/fr\/wp-json\/wp\/v2\/media?parent=1090"}],"curies":[{"name":"wp","href":"https:\/\/api.w.org\/{rel}","templated":true}]}}