{"id":1092,"date":"2024-10-11T15:07:22","date_gmt":"2024-10-11T14:07:22","guid":{"rendered":"https:\/\/jrsbelgium.org\/\/?post_type=story&#038;p=1092"},"modified":"2024-10-11T15:07:22","modified_gmt":"2024-10-11T14:07:22","slug":"inspiration-depuis-goma-lhistoire-de-ben","status":"publish","type":"story","link":"https:\/\/jrsbelgium.org\/fr\/story\/inspiration-depuis-goma-lhistoire-de-ben\/","title":{"rendered":"Inspiration depuis Goma : L&rsquo;histoire de Ben"},"content":{"rendered":"<p>Je suis Ben, t\u00e9moin enthousiast du projet Change. Mon nom complet est Benjamin Kamuntu. Ma m\u00e8re m&rsquo;a donn\u00e9 ce nom parce que je suis le dernier de sept enfants. Depuis quelques mois, j&rsquo;habite \u00e0 Braine-le-Comte. C&rsquo;est tout un changement pour moi. Je suis n\u00e9 \u00e0 Goma, une ville chaotique et tr\u00e8s anim\u00e9e de la r\u00e9gion du Kivu \u00e0 l&rsquo;est de la RDC. Goma est un monde vibrant de m\u00e9lodies, tandis que Braine-le-Comte est souvent atrocement calme.<\/p>\n<p>Dans mon pays, le conflit est en cours depuis avant ma naissance, il y a trente ans. Je suis un enfant de la guerre. Mais je suis contre le fatalisme. Ma m\u00e8re a \u00e9t\u00e9 mon plus grand exemple. Elle r\u00eavait d&rsquo;un autre monde, avec de nouvelles fen\u00eatres o\u00f9 la lumi\u00e8re peut passer. Elle croyait en un autre Congo, un Congo de paix et de dignit\u00e9 humaine. En 2012, je suis devenu membre de \u2018la Lucha\u2019, un groupe citoyen de pression sur les autorit\u00e9s publiques pour qu&rsquo;elles exercent leur r\u00f4le de protecteur de la population et de gardien de la paix. En 2022, j&rsquo;ai fui vers la Belgique car tous les membres de la Lucha risquaient l&#8217;emprisonnement et la torture.<\/p>\n<p>Je suis volontaire pour JRS dans le cadre de Change. Si je devais r\u00e9sumer Change en un mot, \u00e7a tournerait pour moi autour du terme \u2018rencontre\u2019. Le programme jette des ponts et facilite l&rsquo;\u00e9change et le dialogue. Pour moi et pour la plupart de ceux qui ont connu la migration, c&rsquo;est extr\u00eamement important.<\/p>\n<p>Au-del\u00e0 de l&rsquo;aspect militant, je suis aussi artiste. Po\u00e8te et slameur, je fais de l&rsquo;art pour que le monde change. En Belgique aussi, je veux continuer \u00e0 r\u00eaver et prendre mes responsabilit\u00e9s. J&rsquo;\u00e9tudie les sciences politiques \u00e0 l&rsquo;Universit\u00e9 Catholique de Louvain-la-Neuve.<\/p>\n<p>Mais par-dessus tout, je suis un artiste et j&rsquo;esp\u00e8re toucher le c\u0153ur des gens par mon art. Je viens d\u2019ailleurs de publier mon premier livre \u2018Vis\u2019.<\/p>\n","protected":false},"excerpt":{"rendered":"<p>Parfois on oublie que la vie en soi est un art de la joie<\/p>\n","protected":false},"featured_media":1074,"template":"","class_list":["post-1092","story","type-story","status-publish","has-post-thumbnail","hentry"],"acf":[],"_links":{"self":[{"href":"https:\/\/jrsbelgium.org\/fr\/wp-json\/wp\/v2\/story\/1092","targetHints":{"allow":["GET"]}}],"collection":[{"href":"https:\/\/jrsbelgium.org\/fr\/wp-json\/wp\/v2\/story"}],"about":[{"href":"https:\/\/jrsbelgium.org\/fr\/wp-json\/wp\/v2\/types\/story"}],"wp:featuredmedia":[{"embeddable":true,"href":"https:\/\/jrsbelgium.org\/fr\/wp-json\/wp\/v2\/media\/1074"}],"wp:attachment":[{"href":"https:\/\/jrsbelgium.org\/fr\/wp-json\/wp\/v2\/media?parent=1092"}],"curies":[{"name":"wp","href":"https:\/\/api.w.org\/{rel}","templated":true}]}}