{"id":1094,"date":"2024-10-11T15:12:04","date_gmt":"2024-10-11T14:12:04","guid":{"rendered":"https:\/\/jrsbelgium.org\/\/?post_type=story&#038;p=1094"},"modified":"2024-10-11T15:13:31","modified_gmt":"2024-10-11T14:13:31","slug":"separee-de-ma-famille-lhistoire-de-paula","status":"publish","type":"story","link":"https:\/\/jrsbelgium.org\/fr\/story\/separee-de-ma-famille-lhistoire-de-paula\/","title":{"rendered":"S\u00e9par\u00e9e de sa famille : L&rsquo;histoire de Paula"},"content":{"rendered":"<p>Je suis en couple avec John depuis 18 ans. On s\u2019est s\u00e9par\u00e9s par moments, mais toujours pour mieux se retrouver. On a ensemble un fils de 14 ans. Il s\u2019appelle Victor.<\/p>\n<p>John n\u2019a pas toujours \u00e9t\u00e9 un enfant de c\u0153ur. Il a \u00e9t\u00e9 na\u00eff et il y a neuf ans, il a d\u00fb passer par la case prison. A sa sortie, on a essay\u00e9 de vivre une vie normale. Apr\u00e8s plusieurs ann\u00e9es, on a voulu r\u00e9gulariser sa situation. Trois semaines apr\u00e8s avoir commenc\u00e9 les d\u00e9marches, ils sont venus l\u2019arr\u00eater \u00e0 la maison et nous ont s\u00e9par\u00e9s \u00e0 nouveau.<\/p>\n<p>Les sept mois que John a pass\u00e9 en centre de d\u00e9tention ont \u00e9t\u00e9 tr\u00e8s difficiles. Pour lui, \u00e9videmment, mais aussi pour Victor et moi. J\u2019ai l\u2019impression que \u00e7a m\u2019a inflig\u00e9 un traumatisme. \u00c7a a \u00e9t\u00e9 comme des coups de hache\u00a0: progressif et profond. J\u2019essayais d\u2019\u00eatre forte pour Victor, de ne rien laisser paraitre. D\u00e8s le deuxi\u00e8me mois j\u2019ai d\u00fb \u00eatre suivi par un psychologue pour tenir bon. Il en a fallu de peu pour que notre bateau ne sombre pas.<\/p>\n<p>Victor avait d\u00e9j\u00e0 d\u00fb patienter plusieurs ann\u00e9es pour avoir un papa. Il ne se serait jamais imagin\u00e9 que son p\u00e8re soit emmen\u00e9 \u00e0 nouveau. \u00c7a a \u00e9t\u00e9 un choc qu\u2019il a essay\u00e9 de dig\u00e9rer \u00e0 sa mani\u00e8re. Il n\u2019en a pas beaucoup parl\u00e9. Il n\u2019y arrivait pas. Ses amis l\u2019ont trouv\u00e9 chang\u00e9. Le gar\u00e7on calme et jovial s&rsquo;est transform\u00e9 en un jeune homme vuln\u00e9rable qui se met vite en col\u00e8re et a perdu le sourire. La pr\u00e9sence de John a eu un effet positif sur nous. Je me suis par exemple remise aux \u00e9tudes. Avec sa d\u00e9tention, on ne savait plus si on allait y arriver. Si on allait atteindre le but qu\u2019on s\u2019\u00e9tait fix\u00e9\u00a0: notre r\u00eave de pouvoir former ensemble une famille.<\/p>\n<p>Victor \u00e9tait en troisi\u00e8me et il a malheureusement redoubl\u00e9 son ann\u00e9e. Toutes ces incertitudes, les espoirs et puis les mauvaises nouvelles. \u00c7a a \u00e9t\u00e9 une ann\u00e9e de combat. Ces histoires de comment les rapatriements se d\u00e9roulent, \u00e7a lui a fait du mal. Tu fais de ton mieux afin qu\u2019il ne t\u2019entende pas en parler, mais il n\u2019est pas b\u00eate, et je pense qu\u2019il \u00e9coutait derri\u00e8re les portes.<\/p>\n<p>Ils n\u2019ont totalement pas tenu compte du fait que John avait un enfant. S\u2019ils avaient pu, ils auraient emp\u00each\u00e9 la proc\u00e9dure de reconnaissance. C\u2019est parce que l\u2019ambassade a train\u00e9 avec le laissez-passer qu\u2019on a eu le temps de la faire. L\u2019Office des \u00e9trangers s\u2019est bas\u00e9 sur un dossier pass\u00e9, sur des faits qui ont eu lieu il y a dix ans. Ils n\u2019ont aucune id\u00e9e de comment on se trouve dans la vie en tant que famille. C\u2019est une honte qu\u2019ils ne fassent pas l\u2019effort de voir et interroger les personnes derri\u00e8re le dossier. Surtout quand il y a des enfants. C\u2019est inhumain.<\/p>\n","protected":false},"excerpt":{"rendered":"<p>Je suis en couple avec John depuis 18 ans. On s\u2019est s\u00e9par\u00e9s par moments, mais toujours pour mieux se retrouver. On a ensemble un fils de 14 ans. Il s\u2019appelle Victor. John n\u2019a pas toujours \u00e9t\u00e9 un enfant de c\u0153ur. Il a \u00e9t\u00e9 na\u00eff et il y a neuf ans, il a d\u00fb passer par [&hellip;]<\/p>\n","protected":false},"featured_media":1077,"template":"","class_list":["post-1094","story","type-story","status-publish","has-post-thumbnail","hentry"],"acf":[],"_links":{"self":[{"href":"https:\/\/jrsbelgium.org\/fr\/wp-json\/wp\/v2\/story\/1094","targetHints":{"allow":["GET"]}}],"collection":[{"href":"https:\/\/jrsbelgium.org\/fr\/wp-json\/wp\/v2\/story"}],"about":[{"href":"https:\/\/jrsbelgium.org\/fr\/wp-json\/wp\/v2\/types\/story"}],"wp:featuredmedia":[{"embeddable":true,"href":"https:\/\/jrsbelgium.org\/fr\/wp-json\/wp\/v2\/media\/1077"}],"wp:attachment":[{"href":"https:\/\/jrsbelgium.org\/fr\/wp-json\/wp\/v2\/media?parent=1094"}],"curies":[{"name":"wp","href":"https:\/\/api.w.org\/{rel}","templated":true}]}}