{"id":1096,"date":"2024-10-11T15:15:55","date_gmt":"2024-10-11T14:15:55","guid":{"rendered":"https:\/\/jrsbelgium.org\/\/?post_type=story&#038;p=1096"},"modified":"2024-10-11T15:15:55","modified_gmt":"2024-10-11T14:15:55","slug":"peur-pour-notre-enfant-lhistoire-de-therese","status":"publish","type":"story","link":"https:\/\/jrsbelgium.org\/fr\/story\/peur-pour-notre-enfant-lhistoire-de-therese\/","title":{"rendered":"Peur pour notre enfant : L&rsquo;histoire de Th\u00e9r\u00e8se"},"content":{"rendered":"<p>Patrick m\u2019appelle toujours quand il arrive au boulot aux alentours de 23h. Ce soir-l\u00e0, j\u2019ai attendu minuit avant qu\u2019il m\u2019appelle. Il \u00e9tait boulevers\u00e9. Il m\u2019a dit qu\u2019il avait \u00e9t\u00e9 arr\u00eat\u00e9 et qu\u2019il \u00e9tait au commissariat. \u00c7a a coup\u00e9. J\u2019\u00e9tais confuse. J\u2019ai essay\u00e9 de rappeler plusieurs fois sans succ\u00e8s. Je n\u2019ai pas dormi de la nuit.<\/p>\n<p>Le lendemain, vers midi, il m\u2019a enfin rappel\u00e9. Il m\u2019a dit qu\u2019on l\u2019avait envoy\u00e9 \u00e0 Bruges parce qu\u2019il travaillait sans papiers. J\u2019ai r\u00e9veill\u00e9 la petite et j\u2019ai saut\u00e9 en voiture. On vit \u00e0 Li\u00e8ge, j\u2019ai mis quasi 3h \u00e0 arriver. Quand je l\u2019ai vu, j\u2019ai craqu\u00e9. Je me suis imm\u00e9diatement mise \u00e0 pleurer. Apr\u00e8s m\u00eame pas 30min, on m\u2019a dit de partir et on a d\u00fb se s\u00e9parer. Patrick m\u2019a demand\u00e9 de trouver un avocat et de rassembler tous les papiers de la proc\u00e9dure de regroupement avec notre nouveau-n\u00e9.<\/p>\n<p>Je suis revenue le lendemain, mais on ne m\u2019a pas laiss\u00e9e rentrer parce que j\u2019avais 5min de retard pour la visite. Ils n\u2019ont m\u00eame pas voulu prendre les documents que j\u2019avais amen\u00e9. Les larmes coulaient sur mes joues. Cinq minutes \u00a0sur un trajet de 3h, c\u2019\u00e9tait le temps de de mettre la petite dans la poussette. Je suis rentr\u00e9e d\u00e9pit\u00e9e. La petite est tomb\u00e9e malade ce soir-l\u00e0. Avec moi qui me remettais de ma c\u00e9sarienne, Patrick m\u2019a dit qu\u2019il valait mieux que je ne revienne plus et qu\u2019on se soigne.<\/p>\n<p>La s\u00e9paration \u00e9tait difficile. J\u2019ai vraiment v\u00e9cu deux semaines dans le stress le plus total. Jusqu\u2019\u00e0 pr\u00e9sent je ne suis pas bien. Je me r\u00e9veille encore la nuit en sursaut. Tu es habitu\u00e9 \u00e0 la pr\u00e9sence de quelqu\u2019un et, du jour au lendemain, il disparait. Tout d\u2019un coup tu te retrouves \u00e0 rouler des kilom\u00e8tres sans comprendre ce qu\u2019il se passe. Le moment le plus difficile, c\u2019\u00e9tait le matin, quand je me r\u00e9veillais et r\u00e9alisais. C\u2019est aussi Patrick qui se levait le premier pour s\u2019occuper de la petite afin que je puisse continuer \u00e0 dormir. Ce n\u2019\u00e9tait pas que psychologiquement que j\u2019\u00e9tais abattue\u00a0: j\u2019ai eu beaucoup de mal \u00e0 me remettre de ma c\u00e9sarienne et j\u2019ai tellement pleur\u00e9 que mon \u0153il gauche s\u2019est infect\u00e9.<\/p>\n<p>Je n\u2019ai parl\u00e9 de la situation \u00e0 personne. J\u2019avais honte. Non seulement Patrick n\u2019avait plus de papiers pour l\u2019instant, mais en plus on l\u2019avait arr\u00eat\u00e9. Je suis rest\u00e9e enferm\u00e9 pendant des jours. Financi\u00e8rement, on s\u2019est aussi fait du mouron. J\u2019\u00e9tais en cong\u00e9 de maternit\u00e9 et l\u2019avocat coutait de l\u2019argent. Je n\u2019ai pas su payer le loyer de d\u00e9cembre. J\u2019ai d\u00fb jongler pour tenter de joindre les deux bouts comme on dit.<\/p>\n<p>\u00c7a a \u00e9t\u00e9 un grand soulagement quand ils ont lib\u00e9r\u00e9 Patrick. On est \u00e0 nouveau r\u00e9uni, mais le doute reste tant qu\u2019on n\u2019a pas de r\u00e9ponse \u00e0 notre demande de regroupement familial. Je me pose 1001 questions. Que \u00e7a se termine par son rapatriement, \u00e7a, je ne peux pas me l\u2019imaginer. Je suis d\u00e9\u00e7ue par le syst\u00e8me. Quand tu meurs, \u00e7a ne change rien que tu aies les papiers ou pas. C\u2019est l\u2019humain qui fabrique les papiers.<\/p>\n","protected":false},"excerpt":{"rendered":"<p>Patrick m\u2019appelle toujours quand il arrive au boulot aux alentours de 23h. Ce soir-l\u00e0, j\u2019ai attendu minuit avant qu\u2019il m\u2019appelle. Il \u00e9tait boulevers\u00e9. Il m\u2019a dit qu\u2019il avait \u00e9t\u00e9 arr\u00eat\u00e9 et qu\u2019il \u00e9tait au commissariat. \u00c7a a coup\u00e9. J\u2019\u00e9tais confuse. J\u2019ai essay\u00e9 de rappeler plusieurs fois sans succ\u00e8s. Je n\u2019ai pas dormi de la nuit. [&hellip;]<\/p>\n","protected":false},"featured_media":1077,"template":"","class_list":["post-1096","story","type-story","status-publish","has-post-thumbnail","hentry"],"acf":[],"_links":{"self":[{"href":"https:\/\/jrsbelgium.org\/fr\/wp-json\/wp\/v2\/story\/1096","targetHints":{"allow":["GET"]}}],"collection":[{"href":"https:\/\/jrsbelgium.org\/fr\/wp-json\/wp\/v2\/story"}],"about":[{"href":"https:\/\/jrsbelgium.org\/fr\/wp-json\/wp\/v2\/types\/story"}],"wp:featuredmedia":[{"embeddable":true,"href":"https:\/\/jrsbelgium.org\/fr\/wp-json\/wp\/v2\/media\/1077"}],"wp:attachment":[{"href":"https:\/\/jrsbelgium.org\/fr\/wp-json\/wp\/v2\/media?parent=1096"}],"curies":[{"name":"wp","href":"https:\/\/api.w.org\/{rel}","templated":true}]}}