{"id":961,"date":"2024-09-25T14:40:22","date_gmt":"2024-09-25T13:40:22","guid":{"rendered":"https:\/\/jrsbelgium.org\/\/?post_type=story&#038;p=961"},"modified":"2024-12-09T14:03:52","modified_gmt":"2024-12-09T13:03:52","slug":"bonjour-kafka-lhistoire-datta","status":"publish","type":"story","link":"https:\/\/jrsbelgium.org\/fr\/story\/bonjour-kafka-lhistoire-datta\/","title":{"rendered":"Bonjour Kafka : l&rsquo;histoire d&rsquo;Atta"},"content":{"rendered":"<p>Il y a onze ans, j&rsquo;ai d\u00fb fuir le Pakistan parce que j&rsquo;y \u00e9tais pers\u00e9cut\u00e9 en tant que chr\u00e9tien. J&rsquo;y vivais dans la crainte constante d&rsquo;\u00eatre accus\u00e9 de blasph\u00e8me. Les autorit\u00e9s belges n&rsquo;ont pas cru \u00e0 ma demande d&rsquo;asile. Je ne comprends toujours pas pourquoi. Les preuves n\u00e9cessaires font d\u00e9faut, m&rsquo;ont-elles dit. Cela fait des ann\u00e9es que j&rsquo;essaie d&rsquo;\u00e9tayer ces preuves, mais la distance, la peur des t\u00e9moins, la n\u00e9cessit\u00e9 de proc\u00e9der discr\u00e8tement pour ne mettre personne en danger et la crise du coronavirus m&rsquo;ont mis devant une t\u00e2che impossible.<\/p>\n<p>Malgr\u00e9 toutes les incertitudes, j&rsquo;ai continu\u00e9 ma vie ici. J&rsquo;ai \u00e9pous\u00e9 une femme d&rsquo;origine pakistanaise et nous avons eu deux enfants. Notre fils vient d&rsquo;entrer \u00e0 l&rsquo;\u00e9cole et notre fille vient d&rsquo;avoir 1\u00a0an. Ma femme a suivi une formation d&rsquo;infirmi\u00e8re, mais elle n&rsquo;est pas autoris\u00e9e \u00e0 travailler faute de papiers. Moi-m\u00eame, je suis cuisinier.<\/p>\n<p>Ma femme et moi voudrions tant exploiter nos talents en Belgique. Une situation gagnant-gagnant, pourrait on dire : ce sont deux m\u00e9tiers en p\u00e9nurie. D\u00e9sormais, je parle couramment le n\u00e9erlandais et nous sommes bien int\u00e9gr\u00e9s dans notre quartier.<\/p>\n<p>Avec notre avocat, nous avons introduit une demande de r\u00e9gularisation pour raisons humanitaires. Cette demande passe par la commune, qui prend des semaines pour la transmettre \u00e0 l&rsquo;Office des \u00e9trangers. La p\u00e9riode d&rsquo;attente d&rsquo;au moins un an a commenc\u00e9. Notre vie, \u00e0 ma famille et \u00e0 moi, est \u00ab\u00a0en suspens\u00a0\u00bb. Que nous r\u00e9serve l&rsquo;avenir\u00a0?<\/p>\n","protected":false},"excerpt":{"rendered":"<p>Ma femme et moi voudrions tant exploiter nos talents en Belgique. <\/p>\n","protected":false},"featured_media":676,"template":"","class_list":["post-961","story","type-story","status-publish","has-post-thumbnail","hentry"],"acf":[],"_links":{"self":[{"href":"https:\/\/jrsbelgium.org\/fr\/wp-json\/wp\/v2\/story\/961","targetHints":{"allow":["GET"]}}],"collection":[{"href":"https:\/\/jrsbelgium.org\/fr\/wp-json\/wp\/v2\/story"}],"about":[{"href":"https:\/\/jrsbelgium.org\/fr\/wp-json\/wp\/v2\/types\/story"}],"wp:featuredmedia":[{"embeddable":true,"href":"https:\/\/jrsbelgium.org\/fr\/wp-json\/wp\/v2\/media\/676"}],"wp:attachment":[{"href":"https:\/\/jrsbelgium.org\/fr\/wp-json\/wp\/v2\/media?parent=961"}],"curies":[{"name":"wp","href":"https:\/\/api.w.org\/{rel}","templated":true}]}}