{"id":962,"date":"2024-09-25T14:42:52","date_gmt":"2024-09-25T13:42:52","guid":{"rendered":"https:\/\/jrsbelgium.org\/\/?post_type=story&#038;p=962"},"modified":"2024-10-11T13:54:50","modified_gmt":"2024-10-11T12:54:50","slug":"arbitraire-a-la-frontiere-belge-lhistoire-de-junior","status":"publish","type":"story","link":"https:\/\/jrsbelgium.org\/fr\/story\/arbitraire-a-la-frontiere-belge-lhistoire-de-junior\/","title":{"rendered":"Arbitraire \u00e0 la fronti\u00e8re belge : l&rsquo;histoire de Junior"},"content":{"rendered":"<p>Imaginez\u00a0: vous atterrissez \u00e0 Zaventem, vous avez tous les papiers n\u00e9cessaires, vous avez envie de commencer vos \u00e9tudes, mais vous \u00eates imm\u00e9diatement emmen\u00e9 dans une salle d&rsquo;interrogatoire, soumis \u00e0 des questions critiques et finalement envoy\u00e9 en centre de d\u00e9tention. Sans proc\u00e8s ni droit de r\u00e9ponse. Et sans le moindre fondement. C&rsquo;est ce qui est arriv\u00e9 \u00e0 Junior Wasso en septembre de l&rsquo;ann\u00e9e derni\u00e8re, ici en Belgique, sous notre nez. Un tel traitement laisse des traces et montre \u00e0 quel point la politique des fronti\u00e8res de la Belgique est soumise \u00e0 l&rsquo;arbitraire.<\/p>\n<p>\u00ab\u00a0La police m&rsquo;a emmen\u00e9 dans un centre ferm\u00e9, o\u00f9 je suis rest\u00e9 dix-sept jours. Je ne comprenais pas pourquoi j&rsquo;\u00e9tais l\u00e0. Je suis venu en Belgique pour commencer mes \u00e9tudes \u00e0 l&rsquo;UCL et j&rsquo;\u00e9tais attendu par ma s\u0153ur, qui vivait d\u00e9j\u00e0 l\u00e0-bas. La police a essay\u00e9 trois fois de me mettre dans un avion pour Kinshasa, mais j&rsquo;ai refus\u00e9. Finalement, j&rsquo;ai \u00e9t\u00e9 lib\u00e9r\u00e9 et maintenant je suis un \u00e9tudiant comme beaucoup d&rsquo;autres, mais je dors toujours mal et je re\u00e7ois un soutien psychologique\u00a0\u00bb, d\u00e9clare Junior Wasso.<\/p>\n","protected":false},"excerpt":{"rendered":"<p>Je dors toujours mal et je re\u00e7ois un soutien psychologique<\/p>\n","protected":false},"featured_media":376,"template":"","class_list":["post-962","story","type-story","status-publish","has-post-thumbnail","hentry"],"acf":[],"_links":{"self":[{"href":"https:\/\/jrsbelgium.org\/fr\/wp-json\/wp\/v2\/story\/962","targetHints":{"allow":["GET"]}}],"collection":[{"href":"https:\/\/jrsbelgium.org\/fr\/wp-json\/wp\/v2\/story"}],"about":[{"href":"https:\/\/jrsbelgium.org\/fr\/wp-json\/wp\/v2\/types\/story"}],"wp:featuredmedia":[{"embeddable":true,"href":"https:\/\/jrsbelgium.org\/fr\/wp-json\/wp\/v2\/media\/376"}],"wp:attachment":[{"href":"https:\/\/jrsbelgium.org\/fr\/wp-json\/wp\/v2\/media?parent=962"}],"curies":[{"name":"wp","href":"https:\/\/api.w.org\/{rel}","templated":true}]}}